{"id":31962,"date":"2017-02-28T14:13:50","date_gmt":"2017-02-28T20:13:50","guid":{"rendered":"https:\/\/radiowebmx.com\/nota\/?p=31962"},"modified":"2017-02-28T14:13:50","modified_gmt":"2017-02-28T20:13:50","slug":"morelia-expone-sus-riquezas-en-la-feria-internacional-del-libro-del-palacio-de-mineria","status":"publish","type":"post","link":"https:\/\/radiowebmx.com\/nota\/morelia-expone-sus-riquezas-en-la-feria-internacional-del-libro-del-palacio-de-mineria\/","title":{"rendered":"Morelia expone sus riquezas en la Feria Internacional del Libro del Palacio de Miner\u00eda"},"content":{"rendered":"<p><img loading=\"lazy\" decoding=\"async\" class=\"alignleft size-full wp-image-31963\" src=\"https:\/\/radiowebmx.com\/nota\/wp-content\/uploads\/2017\/02\/6726f1e5-be0a-4a11-8532-e45856dc3c15.jpg\" alt=\"6726f1e5-be0a-4a11-8532-e45856dc3c15\" width=\"500\" height=\"305\" srcset=\"https:\/\/radiowebmx.com\/nota\/wp-content\/uploads\/2017\/02\/6726f1e5-be0a-4a11-8532-e45856dc3c15.jpg 500w, https:\/\/radiowebmx.com\/nota\/wp-content\/uploads\/2017\/02\/6726f1e5-be0a-4a11-8532-e45856dc3c15-300x183.jpg 300w\" sizes=\"auto, (max-width: 500px) 100vw, 500px\" \/>El Ayuntamiento de Morelia tuvo presencia en la edici\u00f3n n\u00famero 38 de la Feria Internacional del Libro de Palacio de Miner\u00eda, que se desarrolla en la Ciudad de M\u00e9xico del 23 de febrero al 6 de marzo, y la\u00a0cual tiene por objetivo dar a conocer a la sociedad las novedades de la industria editorial mexicana.<\/p>\n<p>En este sentido, la Secretaria de Turismo de Morelia, Thelma Aquique Arrieta asisti\u00f3 en representaci\u00f3n del Presidente Municipal, Alfonso Mart\u00ednez Alc\u00e1zar, a la presentaci\u00f3n del libro \u201cMorelia, 25 a\u00f1os de ser Patrimonio Mundial\u201d, el cual fue exhibido el d\u00eda 13 de diciembre de 2016, en la Biblioteca P\u00fablica de la Universidad Michoacana de San Nicol\u00e1s de Hidalgo, en el marco de los festejos del 25 aniversario de la declaratoria del Centro Hist\u00f3rico de Morelia como Patrimonio Mundial por parte de la UNESCO.<\/p>\n<p>De esta manera, la titular de la pol\u00edtica tur\u00edstica local agradeci\u00f3 el trabajo en conjunto que se llev\u00f3 a cabo entre la M\u00e1xima Casa de Estudios de Michoac\u00e1n, el Colegio de Michoac\u00e1n, la Secretar\u00eda de Cultura del Estado y el propio Ayuntamiento de Morelia, a trav\u00e9s del Archivo Hist\u00f3rico, para la elaboraci\u00f3n de este ejemplar literario, el cual est\u00e1 compuesto por colaboraciones y ensayos de altas personalidades del \u00e1mbito acad\u00e9mico y especialistas en temas de Patrimonio Mundial y Conservaci\u00f3n, as\u00ed como personas que estuvieron directamente relacionadas con la elaboraci\u00f3n del Expediente enviado a la UNESCO y que logr\u00f3 el dictamen positivo para alcanzar la declaratoria, hace 25 a\u00f1os.<\/p>\n<p>Aquique Arrieta destac\u00f3 que todo lo que se haga por mostrar las riquezas culturales y arquitect\u00f3nicas de la ciudad ser\u00e1n siempre en beneficio de proyectar a la ciudad como un destino cultural y tur\u00edstico, para lograr posicionarla a nivel nacional e incluso internacional a trav\u00e9s de las letras e im\u00e1genes.<\/p>\n<p>Resalt\u00f3 que el Ayuntamiento de Morelia busca dejar un testimonio de tan significativa conmemoraci\u00f3n para las generaciones venideras, pero tambi\u00e9n para que sirva como est\u00edmulo para la investigaci\u00f3n sobre la importancia y trascendencia del Patrimonio Mundial que Morelia ofrece al mundo y la urgencia de su conservaci\u00f3n y fortalecimiento.<\/p>\n","protected":false},"excerpt":{"rendered":"<p>El Ayuntamiento de Morelia tuvo presencia en la edici\u00f3n n\u00famero 38 de la Feria Internacional del Libro de Palacio de Miner\u00eda, que se desarrolla en la Ciudad de M\u00e9xico del 23 de febrero al 6 de marzo, y la cual tiene por objetivo dar a conocer a la sociedad las novedades de la industria editorial mexicana.<\/p>\n","protected":false},"author":1,"featured_media":31963,"comment_status":"open","ping_status":"open","sticky":false,"template":"","format":"standard","meta":{"footnotes":""},"categories":[14,9],"tags":[],"class_list":["post-31962","post","type-post","status-publish","format-standard","has-post-thumbnail","hentry","category-destacadas","category-morelia"],"_links":{"self":[{"href":"https:\/\/radiowebmx.com\/nota\/wp-json\/wp\/v2\/posts\/31962","targetHints":{"allow":["GET"]}}],"collection":[{"href":"https:\/\/radiowebmx.com\/nota\/wp-json\/wp\/v2\/posts"}],"about":[{"href":"https:\/\/radiowebmx.com\/nota\/wp-json\/wp\/v2\/types\/post"}],"author":[{"embeddable":true,"href":"https:\/\/radiowebmx.com\/nota\/wp-json\/wp\/v2\/users\/1"}],"replies":[{"embeddable":true,"href":"https:\/\/radiowebmx.com\/nota\/wp-json\/wp\/v2\/comments?post=31962"}],"version-history":[{"count":1,"href":"https:\/\/radiowebmx.com\/nota\/wp-json\/wp\/v2\/posts\/31962\/revisions"}],"predecessor-version":[{"id":31964,"href":"https:\/\/radiowebmx.com\/nota\/wp-json\/wp\/v2\/posts\/31962\/revisions\/31964"}],"wp:featuredmedia":[{"embeddable":true,"href":"https:\/\/radiowebmx.com\/nota\/wp-json\/wp\/v2\/media\/31963"}],"wp:attachment":[{"href":"https:\/\/radiowebmx.com\/nota\/wp-json\/wp\/v2\/media?parent=31962"}],"wp:term":[{"taxonomy":"category","embeddable":true,"href":"https:\/\/radiowebmx.com\/nota\/wp-json\/wp\/v2\/categories?post=31962"},{"taxonomy":"post_tag","embeddable":true,"href":"https:\/\/radiowebmx.com\/nota\/wp-json\/wp\/v2\/tags?post=31962"}],"curies":[{"name":"wp","href":"https:\/\/api.w.org\/{rel}","templated":true}]}}