{"id":31959,"date":"2017-02-28T14:11:15","date_gmt":"2017-02-28T20:11:15","guid":{"rendered":"https:\/\/radiowebmx.com\/nota\/?p=31959"},"modified":"2017-02-28T14:11:15","modified_gmt":"2017-02-28T20:11:15","slug":"signan-convenio-sedetum-y-colegio-de-arquitectos-del-estado-de-michoacan","status":"publish","type":"post","link":"https:\/\/radiowebmx.com\/nota\/signan-convenio-sedetum-y-colegio-de-arquitectos-del-estado-de-michoacan\/","title":{"rendered":"Signan convenio Sedetum y Colegio de Arquitectos del Estado de Michoac\u00e1n"},"content":{"rendered":"<p><img loading=\"lazy\" decoding=\"async\" class=\"alignleft size-full wp-image-31960\" src=\"https:\/\/radiowebmx.com\/nota\/wp-content\/uploads\/2017\/02\/84e5fb11-e022-4958-bf89-2278fd417b4f.jpg\" alt=\"84e5fb11-e022-4958-bf89-2278fd417b4f\" width=\"500\" height=\"316\" srcset=\"https:\/\/radiowebmx.com\/nota\/wp-content\/uploads\/2017\/02\/84e5fb11-e022-4958-bf89-2278fd417b4f.jpg 500w, https:\/\/radiowebmx.com\/nota\/wp-content\/uploads\/2017\/02\/84e5fb11-e022-4958-bf89-2278fd417b4f-300x190.jpg 300w\" sizes=\"auto, (max-width: 500px) 100vw, 500px\" \/>La Secretar\u00eda de Desarrollo Territorial, Urbano y Movilidad (Sedetum) y el Colegio de Arquitectos de Michoac\u00e1n A.C., signaron un convenio marco de coordinaci\u00f3n que establece ocho ejes de trabajo en materia de gesti\u00f3n territorial, urbana, y movilidad.<\/p>\n<p>Con la representaci\u00f3n del Gobernador del Estado, Silvano Aureoles Conejo, el titular de la dependencia, Sergio Adem Argueta, presenci\u00f3 la toma de protesta del Consejo Directivo de dicho organismo para el periodo 2017-2018, a cuyos integrantes felicit\u00f3 y manifest\u00f3 el inter\u00e9s de la administraci\u00f3n estatal de estrechar lazos en beneficio de la entidad.<\/p>\n<p>Indic\u00f3 que la arquitectura es uno de los principales transformadores y creadores de historia en el planeta, tras se\u00f1alar que la din\u00e1mica poblacional actual, presenta grandes retos en la forma en que se est\u00e1 ocupando el territorio y gestionando las ciudades, por lo que existe una gran responsabilidad en este rengl\u00f3n.<\/p>\n<p>\u201cLa poblaci\u00f3n, las autoridades locales y estatales, los Colegios de arquitectos, ingenieros y la sociedad civil organizada, debemos de tener una vinculaci\u00f3n muy estrecha para poder tomar decisiones de pol\u00edtica p\u00fablica que permitan transformar y cambiar los paradigmas de la manera en que hemos venido haciendo las cosas respecto al desarrollo urbano\u201d, manifest\u00f3.<\/p>\n<p>En este sentido, celebr\u00f3 la firma de convenio entre la Sedetum y el Colegio de Arquitectos, que dijo, es una muestra de la disposici\u00f3n de ambas partes para sumar en beneficio de Michoac\u00e1n.<\/p>\n<p>Adem Argueta precis\u00f3 que el acuerdo establece ocho ejes de trabajo como son: apoyar, asesorar y promover entre ambas instituciones la ejecuci\u00f3n de proyectos en materia de desarrollo territorial, urbano y movilidad; promover conjuntamente programas de investigaci\u00f3n y de servicio social; impulsar la organizaci\u00f3n de conferencias, mesas redondas, seminarios y actividades de car\u00e1cter acad\u00e9mico y de investigaci\u00f3n, en las que se difundan estrategias, programas y proyectos en estas tem\u00e1ticas.<\/p>\n<p>As\u00ed como apoyar mediante sus infraestructuras y \u00e1reas especializadas las acciones de divulgaci\u00f3n dirigidas a la sociedad en general; intercambiar material editorial, bibliogr\u00e1fico, hemerogr\u00e1fico y audiovisual, adem\u00e1s de facilitar acceso a bancos de datos e informaci\u00f3n relacionada con los proyectos en colaboraci\u00f3n en t\u00e9rminos de la legislaci\u00f3n en la materia; desarrollar y promover la elaboraci\u00f3n conjunta de proyectos arquitect\u00f3nicos y urbanos; promover la participaci\u00f3n de arquitectos colegiados en el desarrollo de proyectos arquitect\u00f3nicos y urbanos; y elaborar un plan de trabajo, para que puedan acordarse otras actividades de inter\u00e9s.<\/p>\n<p>En su turno, el presidente de la Federaci\u00f3n de Colegios de Arquitectos de la Rep\u00fablica Mexicana, Jos\u00e9 Luis Cort\u00e9s Delgado, se\u00f1al\u00f3 que el gran reto del gremio es lograr que la ciudad tenga un mayor \u00edndice de felicidad; por ello, coment\u00f3 que uno de los principales intereses de este sector, es la creaci\u00f3n del h\u00e1bitat de los seres humanos, desde una vivienda hasta los equipamientos de salud, educaci\u00f3n, deporte, recreaci\u00f3n, transporte, que incidan en el bienestar de las personas.<\/p>\n<p>Tras destacar la belleza de Morelia y tomar protesta a los integrantes del Colegio de Arquitectos de Michoac\u00e1n A.C, dese\u00f3 el mejor de los \u00e9xitos para el nuevo Consejo Directivo.<\/p>\n<p>Por su parte, el presidente de dicha instancia, Pedro N\u00fa\u00f1ez Gonz\u00e1lez, afirm\u00f3 que el ritmo de crecimiento urbano, obliga a autoridades y profesionistas a buscar t\u00e9rminos con mayor eficiencia e incluso a replantear b\u00e1sicamente la pr\u00e1ctica y ense\u00f1anza del quehacer del arquitecto; \u201cy nos obliga al dise\u00f1o de nuevas herramientas que nos\u00a0permitan abordar los problemas urbano-arquitect\u00f3nicos teniendo como premisa mejorar la calidad de vida de los habitantes de las ciudades\u201d.<\/p>\n<p>El alcalde de Morelia, Alfonso Mart\u00ednez Alc\u00e1zar, reconoci\u00f3 la labor de este gremio, y subray\u00f3 la importancia de poder trabajar en conjunto por el desarrollo del municipio y del estado.<\/p>\n","protected":false},"excerpt":{"rendered":"<p>La Sedetum y el Colegio de Arquitectos de Michoac\u00e1n A.C., signaron un convenio marco de coordinaci\u00f3n que establece ocho ejes de trabajo en materia de gesti\u00f3n territorial, urbana, y movilidad.<\/p>\n","protected":false},"author":1,"featured_media":31960,"comment_status":"open","ping_status":"open","sticky":false,"template":"","format":"standard","meta":{"footnotes":""},"categories":[14,3],"tags":[],"class_list":["post-31959","post","type-post","status-publish","format-standard","has-post-thumbnail","hentry","category-destacadas","category-gobierno-del-estado-de-michoacan"],"_links":{"self":[{"href":"https:\/\/radiowebmx.com\/nota\/wp-json\/wp\/v2\/posts\/31959","targetHints":{"allow":["GET"]}}],"collection":[{"href":"https:\/\/radiowebmx.com\/nota\/wp-json\/wp\/v2\/posts"}],"about":[{"href":"https:\/\/radiowebmx.com\/nota\/wp-json\/wp\/v2\/types\/post"}],"author":[{"embeddable":true,"href":"https:\/\/radiowebmx.com\/nota\/wp-json\/wp\/v2\/users\/1"}],"replies":[{"embeddable":true,"href":"https:\/\/radiowebmx.com\/nota\/wp-json\/wp\/v2\/comments?post=31959"}],"version-history":[{"count":1,"href":"https:\/\/radiowebmx.com\/nota\/wp-json\/wp\/v2\/posts\/31959\/revisions"}],"predecessor-version":[{"id":31961,"href":"https:\/\/radiowebmx.com\/nota\/wp-json\/wp\/v2\/posts\/31959\/revisions\/31961"}],"wp:featuredmedia":[{"embeddable":true,"href":"https:\/\/radiowebmx.com\/nota\/wp-json\/wp\/v2\/media\/31960"}],"wp:attachment":[{"href":"https:\/\/radiowebmx.com\/nota\/wp-json\/wp\/v2\/media?parent=31959"}],"wp:term":[{"taxonomy":"category","embeddable":true,"href":"https:\/\/radiowebmx.com\/nota\/wp-json\/wp\/v2\/categories?post=31959"},{"taxonomy":"post_tag","embeddable":true,"href":"https:\/\/radiowebmx.com\/nota\/wp-json\/wp\/v2\/tags?post=31959"}],"curies":[{"name":"wp","href":"https:\/\/api.w.org\/{rel}","templated":true}]}}