{"id":31912,"date":"2017-02-27T12:44:21","date_gmt":"2017-02-27T18:44:21","guid":{"rendered":"https:\/\/radiowebmx.com\/nota\/?p=31912"},"modified":"2017-02-27T12:44:21","modified_gmt":"2017-02-27T18:44:21","slug":"revisa-gobernador-estrategia-de-seguridad-en-el-oriente-michoacano","status":"publish","type":"post","link":"https:\/\/radiowebmx.com\/nota\/revisa-gobernador-estrategia-de-seguridad-en-el-oriente-michoacano\/","title":{"rendered":"Revisa Gobernador estrategia de seguridad en el Oriente michoacano"},"content":{"rendered":"<p><img loading=\"lazy\" decoding=\"async\" class=\"alignleft size-full wp-image-31913\" src=\"https:\/\/radiowebmx.com\/nota\/wp-content\/uploads\/2017\/02\/18db10c5-e90d-4b3a-bfd4-9858a8b64e8f.jpg\" alt=\"18db10c5-e90d-4b3a-bfd4-9858a8b64e8f\" width=\"709\" height=\"472\" srcset=\"https:\/\/radiowebmx.com\/nota\/wp-content\/uploads\/2017\/02\/18db10c5-e90d-4b3a-bfd4-9858a8b64e8f.jpg 709w, https:\/\/radiowebmx.com\/nota\/wp-content\/uploads\/2017\/02\/18db10c5-e90d-4b3a-bfd4-9858a8b64e8f-300x200.jpg 300w\" sizes=\"auto, (max-width: 709px) 100vw, 709px\" \/><\/p>\n<p>&nbsp;<\/p>\n<p><strong>Zit\u00e1cuaro, Michoac\u00e1n, a 27 de febrero de 2017<\/strong>.- Como parte de las acciones para fortalecer la seguridad y dar certeza a la poblaci\u00f3n en sus actividades cotidianas, este lunes el Gobernador Constitucional Silvano Aureoles Conejo se reuni\u00f3 con el Grupo de Coordinaci\u00f3n local de Zit\u00e1cuaro, acompa\u00f1ado de los integrantes del Gabinete de Seguridad estatal.<\/p>\n<p>El mandatario michoacano enfatiz\u00f3 que en todas las regiones de la entidad se mantiene una revisi\u00f3n permanente de las acciones preventivas y de combate a la violencia y la delincuencia para que prive la tranquilidad, la legalidad y el Estado Derecho. Garantizar la seguridad, indic\u00f3, es una tarea permanente.<\/p>\n<p>En este sentido, en presencia tambi\u00e9n del presidente municipal de Zit\u00e1cuaro, Carlos Herrera Tello, los funcionarios estatales de seguridad y procuraci\u00f3n de justicia informaron de los resultados de las labores conjuntas realizadas en el periodo del 20 al 26 de febrero en esta regi\u00f3n.<\/p>\n<p>De esta manera, se conoci\u00f3 que fueron decomisadas armas largas, cartuchos \u00fatiles, marihuana, balines, p\u00f3lvora y fulminantes.<\/p>\n<p>Asimismo, fueron puestas a disposici\u00f3n del Ministerio P\u00fablico nueve personas y un veh\u00edculo por irregularidades en el n\u00famero de serie, y dos automotores m\u00e1s por hechos delictuosos.<\/p>\n<p>Tambi\u00e9n fueron asegurados seis autom\u00f3viles y una plataforma de tracto cami\u00f3n con reporte de robo, adem\u00e1s de 738 kilos de carb\u00f3n.<\/p>\n<p>Entre los operativos de tr\u00e1nsito y vialidad, 63 autom\u00f3viles y 19 motocicletas fueron dispuestos al corral\u00f3n, se realizaron 78 despolarizados, se levantaron 77 infracciones y 43 personas fueron ingresadas a Barandilla.<\/p>\n<p>En esta reuni\u00f3n estuvieron presentes el secretario de Gobierno, Adri\u00e1n L\u00f3pez Sol\u00eds; el procurador general de Justicia, Jos\u00e9 Mart\u00edn Godoy Castro; el subsecretario de Seguridad P\u00fablica, Carlos G\u00f3mez Arrieta; el general Ra\u00fal Ruiz Garc\u00eda, jefe de Estado Mayor de la 21 Zona Militar, entre otros.<\/p>\n","protected":false},"excerpt":{"rendered":"<p>Como parte de las acciones para fortalecer la seguridad y dar certeza a la poblaci\u00f3n en sus actividades cotidianas, este lunes el Gobernador Constitucional Silvano Aureoles Conejo se reuni\u00f3 con el Grupo de Coordinaci\u00f3n local de Zit\u00e1cuaro, acompa\u00f1ado de los integrantes del Gabinete de Seguridad estatal.<\/p>\n","protected":false},"author":1,"featured_media":31913,"comment_status":"open","ping_status":"open","sticky":false,"template":"","format":"standard","meta":{"footnotes":""},"categories":[14,3],"tags":[],"class_list":["post-31912","post","type-post","status-publish","format-standard","has-post-thumbnail","hentry","category-destacadas","category-gobierno-del-estado-de-michoacan"],"_links":{"self":[{"href":"https:\/\/radiowebmx.com\/nota\/wp-json\/wp\/v2\/posts\/31912","targetHints":{"allow":["GET"]}}],"collection":[{"href":"https:\/\/radiowebmx.com\/nota\/wp-json\/wp\/v2\/posts"}],"about":[{"href":"https:\/\/radiowebmx.com\/nota\/wp-json\/wp\/v2\/types\/post"}],"author":[{"embeddable":true,"href":"https:\/\/radiowebmx.com\/nota\/wp-json\/wp\/v2\/users\/1"}],"replies":[{"embeddable":true,"href":"https:\/\/radiowebmx.com\/nota\/wp-json\/wp\/v2\/comments?post=31912"}],"version-history":[{"count":1,"href":"https:\/\/radiowebmx.com\/nota\/wp-json\/wp\/v2\/posts\/31912\/revisions"}],"predecessor-version":[{"id":31914,"href":"https:\/\/radiowebmx.com\/nota\/wp-json\/wp\/v2\/posts\/31912\/revisions\/31914"}],"wp:featuredmedia":[{"embeddable":true,"href":"https:\/\/radiowebmx.com\/nota\/wp-json\/wp\/v2\/media\/31913"}],"wp:attachment":[{"href":"https:\/\/radiowebmx.com\/nota\/wp-json\/wp\/v2\/media?parent=31912"}],"wp:term":[{"taxonomy":"category","embeddable":true,"href":"https:\/\/radiowebmx.com\/nota\/wp-json\/wp\/v2\/categories?post=31912"},{"taxonomy":"post_tag","embeddable":true,"href":"https:\/\/radiowebmx.com\/nota\/wp-json\/wp\/v2\/tags?post=31912"}],"curies":[{"name":"wp","href":"https:\/\/api.w.org\/{rel}","templated":true}]}}