{"id":31890,"date":"2017-02-27T11:58:40","date_gmt":"2017-02-27T17:58:40","guid":{"rendered":"https:\/\/radiowebmx.com\/nota\/?p=31890"},"modified":"2017-02-27T11:58:40","modified_gmt":"2017-02-27T17:58:40","slug":"fortalece-cofom-combate-de-plagas-y-enfermedades-forestales","status":"publish","type":"post","link":"https:\/\/radiowebmx.com\/nota\/fortalece-cofom-combate-de-plagas-y-enfermedades-forestales\/","title":{"rendered":"Fortalece Cofom combate de plagas y enfermedades forestales"},"content":{"rendered":"<p><strong>Morelia, Michoac\u00e1n, a 26 de febrero de 2017<\/strong>.- Para conocer a detalle el estado que guarda el Programa Estatal de Plagas y Enfermedades Forestales, sesion\u00f3 en esta capital por primera ocasi\u00f3n en este a\u00f1o el Comit\u00e9 T\u00e9cnico de Sanidad Forestal de Michoac\u00e1n.<\/p>\n<p>En estos trabajos, a los que asistieron funcionarios de los tres \u00f3rdenes de gobierno, representantes de instituciones acad\u00e9micas e investigadores, se estableci\u00f3 que se han girado 184 notificaciones ante la presencia de insectos descortezadores, plantas parasitas y otros agentes para su atenci\u00f3n y combate en la entidad.<\/p>\n<p>El director general de la Comisi\u00f3n Forestal del Estado de Michoac\u00e1n (Cofom), Roberto P\u00e9rez Medrano, se\u00f1al\u00f3 que los brotes de plagas y enfermedades contribuyen directa o indirectamente a p\u00e9rdidas econ\u00f3micas y medioambientales, pues producen efectos negativos sobre el crecimiento y la supervivencia de los \u00e1rboles, as\u00ed como en el rendimiento y la calidad de la madera y de los productos no maderables, el h\u00e1bitat de la fauna silvestre y los valores recreativos, est\u00e9ticos y culturales.<\/p>\n<p>Este tipo de agentes, se\u00f1al\u00f3, inciden tambi\u00e9n en el\u00a0\u00a0deterioro y destrucci\u00f3n de los bosques y selvas de la entidad.<\/p>\n<p>Ante esta situaci\u00f3n, el titular de la Cofom hizo notar la importancia de dar seguimiento a las acciones que se definan a\u00a0\u00a0trav\u00e9s de este Comit\u00e9 para la atenci\u00f3n y seguimiento a las acciones fitosanitarias para encarar y combatir a estos agentes que da\u00f1an al recurso \u00a0forestal.<\/p>\n","protected":false},"excerpt":{"rendered":"<p>Para conocer a detalle el estado que guarda el Programa Estatal de Plagas y Enfermedades Forestales, sesion\u00f3 en esta capital por primera ocasi\u00f3n en este a\u00f1o el Comit\u00e9 T\u00e9cnico de Sanidad Forestal de Michoac\u00e1n.<\/p>\n","protected":false},"author":1,"featured_media":31891,"comment_status":"open","ping_status":"open","sticky":false,"template":"","format":"standard","meta":{"footnotes":""},"categories":[14,3],"tags":[],"class_list":["post-31890","post","type-post","status-publish","format-standard","has-post-thumbnail","hentry","category-destacadas","category-gobierno-del-estado-de-michoacan"],"_links":{"self":[{"href":"https:\/\/radiowebmx.com\/nota\/wp-json\/wp\/v2\/posts\/31890","targetHints":{"allow":["GET"]}}],"collection":[{"href":"https:\/\/radiowebmx.com\/nota\/wp-json\/wp\/v2\/posts"}],"about":[{"href":"https:\/\/radiowebmx.com\/nota\/wp-json\/wp\/v2\/types\/post"}],"author":[{"embeddable":true,"href":"https:\/\/radiowebmx.com\/nota\/wp-json\/wp\/v2\/users\/1"}],"replies":[{"embeddable":true,"href":"https:\/\/radiowebmx.com\/nota\/wp-json\/wp\/v2\/comments?post=31890"}],"version-history":[{"count":1,"href":"https:\/\/radiowebmx.com\/nota\/wp-json\/wp\/v2\/posts\/31890\/revisions"}],"predecessor-version":[{"id":31892,"href":"https:\/\/radiowebmx.com\/nota\/wp-json\/wp\/v2\/posts\/31890\/revisions\/31892"}],"wp:featuredmedia":[{"embeddable":true,"href":"https:\/\/radiowebmx.com\/nota\/wp-json\/wp\/v2\/media\/31891"}],"wp:attachment":[{"href":"https:\/\/radiowebmx.com\/nota\/wp-json\/wp\/v2\/media?parent=31890"}],"wp:term":[{"taxonomy":"category","embeddable":true,"href":"https:\/\/radiowebmx.com\/nota\/wp-json\/wp\/v2\/categories?post=31890"},{"taxonomy":"post_tag","embeddable":true,"href":"https:\/\/radiowebmx.com\/nota\/wp-json\/wp\/v2\/tags?post=31890"}],"curies":[{"name":"wp","href":"https:\/\/api.w.org\/{rel}","templated":true}]}}