{"id":31887,"date":"2017-02-27T11:55:15","date_gmt":"2017-02-27T17:55:15","guid":{"rendered":"https:\/\/radiowebmx.com\/nota\/?p=31887"},"modified":"2017-02-27T11:55:15","modified_gmt":"2017-02-27T17:55:15","slug":"inaugura-gobernador-remodelacion-de-centro-de-salud-de-santa-ana-maya","status":"publish","type":"post","link":"https:\/\/radiowebmx.com\/nota\/inaugura-gobernador-remodelacion-de-centro-de-salud-de-santa-ana-maya\/","title":{"rendered":"Inaugura Gobernador remodelaci\u00f3n de Centro de Salud de Santa Ana Maya"},"content":{"rendered":"<p><img loading=\"lazy\" decoding=\"async\" class=\"alignleft size-full wp-image-31888\" src=\"https:\/\/radiowebmx.com\/nota\/wp-content\/uploads\/2017\/02\/8a3bbe1c-4f55-42ba-b87f-88591ef2db09.jpeg\" alt=\"8a3bbe1c-4f55-42ba-b87f-88591ef2db09\" width=\"709\" height=\"472\" srcset=\"https:\/\/radiowebmx.com\/nota\/wp-content\/uploads\/2017\/02\/8a3bbe1c-4f55-42ba-b87f-88591ef2db09.jpeg 709w, https:\/\/radiowebmx.com\/nota\/wp-content\/uploads\/2017\/02\/8a3bbe1c-4f55-42ba-b87f-88591ef2db09-300x200.jpeg 300w\" sizes=\"auto, (max-width: 709px) 100vw, 709px\" \/><\/p>\n<p><strong>Santa Ana Maya, Michoac\u00e1n, a 26 de febrero de 2017.-<\/strong> Como muestra del compromiso que el Gobernador Constitucional Silvano Aureoles Conejo tiene en materia de salud, hoy por la ma\u00f1ana inaugur\u00f3 la remodelaci\u00f3n y ampliaci\u00f3n del Centro de Salud del municipio de Santa Ana Maya, trabajos en que se invirtieron 8 millones de pesos de recurso estatal y federal para favorecer a cerca de 12 mil personas de todas las edades.<br \/>\nAnte los beneficiarios, el mandatario estatal destac\u00f3 que por varios a\u00f1os la dignificaci\u00f3n de los espacios dedicados a la salud fue un tema olvidado, por lo que dej\u00f3 en claro que en su administraci\u00f3n \u00e9ste es un aspecto fundamental de atenci\u00f3n para generar bienestar a la poblaci\u00f3n. \u201cHay que hacer el mayor esfuerzo para responder a las necesidades\u201d.<\/p>\n<p>En este sentido, el mandatario estatal adelant\u00f3 que durante este a\u00f1o se rehabilitar\u00e1n tres Casas de Salud de este municipio.<\/p>\n<p>Con respecto al tema educativo, adelant\u00f3 que se destina una inversi\u00f3n por el orden de los 5 millones de pesos para la rehabilitaci\u00f3n de 10 centros educativos del municipio.<\/p>\n<p>Al referir que los cargos p\u00fablicos demandan compromiso y entrega, Aureoles Conejo expres\u00f3 que el ser Gobernador de Michoac\u00e1n es una responsabilidad sumamente importante por lo que \u201ctodos los d\u00edas se debe hacer un trabajo para construir y tener un mejor estado y tener mejores condiciones de vida para todos. Soy Gobernador porque creo que la entidad puede cambiar\u201d.<\/p>\n<p>El secretario de Comunicaciones y Obras P\u00fablicas, Jos\u00e9 Juan Dom\u00ednguez L\u00f3pez, inform\u00f3 que la remodelaci\u00f3n y ampliaci\u00f3n realizadas fue en respuesta a una de las solicitudes m\u00e1s sentidas de la poblaci\u00f3n; por ello, la SCOP realiz\u00f3 trabajos en el suministro y aplicaci\u00f3n de pintura vin\u00edlica en muros y plafones, as\u00ed como de pintura de esmalte en herrer\u00eda; rehabilitaci\u00f3n del drenaje pluvial y colocaci\u00f3n de cortinas antibacteriales.<\/p>\n<p>Las \u00e1reas cuentan con instalaciones el\u00e9ctricas, hidr\u00e1ulicas y sanitarias que permitir\u00e1n el \u00f3ptimo funcionamiento del inmueble, brindando as\u00ed condiciones dignas a los usuarios y al personal que en presta los servicios.<br \/>\nAdelant\u00f3 que el pr\u00f3ximo jueves se iniciar\u00e1 la construcci\u00f3n del camino El Salto \u2013 Timbinal y en un periodo de tres semanas iniciar\u00e1 la rehabilitaci\u00f3n de la v\u00eda El Huacao &#8211; Rancho Nuevo; y anunci\u00f3 que fue concluida un aula del Colegio de Bachilleres de Santa Ana Maya, que tuvo una inversi\u00f3n de 600 mil pesos.<\/p>\n<p>La secretaria de Salud, Silvia Hern\u00e1ndez Capi, detall\u00f3 que por parte de la dependencia que dirige con el apoyo del Seguro Popular se realiz\u00f3 la ampliaci\u00f3n de las \u00e1reas de farmacia, sala de espera, sal\u00f3n de usos m\u00faltiples, sala de juntas, acceso de servicios, sala de odontolog\u00eda y el espacio en el que se tratan los residuos m\u00e9dicos, por lo que dijo que adem\u00e1s del personal m\u00e9dico y administrativo que labora en el Centro de Salud, los usuarios se ver\u00e1n beneficiados pues contar\u00e1n con espacios dignos.<\/p>\n<p>La presidenta municipal de Santa Ana Maya, Mar\u00eda de Jes\u00fas L\u00f3pez Parra, explic\u00f3 que la remodelaci\u00f3n y ampliaci\u00f3n del Centro de Salud inici\u00f3 en el 2015, pero por diversas circunstancias se detuvo; sin embargo, gracias al apoyo decidido del Gobernador Aureoles Conejo, &#8220;hoy vemos cristalizado uno de los mayores pendientes que ten\u00edamos con nuestros ciudadanos&#8221;.<\/p>\n<p>Asistieron a esta inauguraci\u00f3n la directora del Instituto de Infraestructura F\u00edsica y Educativa del Estado (IIFEEM) y enlace del Gobierno del Estado en este municipio, Mar\u00eda Guadalupe D\u00edaz Chagolla; el vocal ejecutivo del Centro Estatal para el Desarrollo Municipal (Cedemun), Carlos Alberto Paredes Correa; la directora del Seguro Popular en Michoac\u00e1n, Diana Celia Carpio R\u00edos; el subsecretario de la Secretar\u00eda de Salud, Germ\u00e1n Ortega Silva; el director del Centro de Salud de Santa Ana Maya, Edgar Mondrag\u00f3n El\u00edas, as\u00ed como diversas autoridades estatales y municipales.<\/p>\n","protected":false},"excerpt":{"rendered":"<p> Como muestra del compromiso que el Gobernador Constitucional Silvano Aureoles Conejo tiene en materia de salud, hoy por la ma\u00f1ana inaugur\u00f3 la remodelaci\u00f3n y ampliaci\u00f3n del Centro de Salud del municipio de Santa Ana Maya, trabajos en que se invirtieron 8 millones de pesos de recurso estatal y federal para favorecer a cerca de 12 mil personas de todas las edades.<\/p>\n","protected":false},"author":1,"featured_media":31888,"comment_status":"open","ping_status":"open","sticky":false,"template":"","format":"standard","meta":{"footnotes":""},"categories":[14,3],"tags":[],"class_list":["post-31887","post","type-post","status-publish","format-standard","has-post-thumbnail","hentry","category-destacadas","category-gobierno-del-estado-de-michoacan"],"_links":{"self":[{"href":"https:\/\/radiowebmx.com\/nota\/wp-json\/wp\/v2\/posts\/31887","targetHints":{"allow":["GET"]}}],"collection":[{"href":"https:\/\/radiowebmx.com\/nota\/wp-json\/wp\/v2\/posts"}],"about":[{"href":"https:\/\/radiowebmx.com\/nota\/wp-json\/wp\/v2\/types\/post"}],"author":[{"embeddable":true,"href":"https:\/\/radiowebmx.com\/nota\/wp-json\/wp\/v2\/users\/1"}],"replies":[{"embeddable":true,"href":"https:\/\/radiowebmx.com\/nota\/wp-json\/wp\/v2\/comments?post=31887"}],"version-history":[{"count":1,"href":"https:\/\/radiowebmx.com\/nota\/wp-json\/wp\/v2\/posts\/31887\/revisions"}],"predecessor-version":[{"id":31889,"href":"https:\/\/radiowebmx.com\/nota\/wp-json\/wp\/v2\/posts\/31887\/revisions\/31889"}],"wp:featuredmedia":[{"embeddable":true,"href":"https:\/\/radiowebmx.com\/nota\/wp-json\/wp\/v2\/media\/31888"}],"wp:attachment":[{"href":"https:\/\/radiowebmx.com\/nota\/wp-json\/wp\/v2\/media?parent=31887"}],"wp:term":[{"taxonomy":"category","embeddable":true,"href":"https:\/\/radiowebmx.com\/nota\/wp-json\/wp\/v2\/categories?post=31887"},{"taxonomy":"post_tag","embeddable":true,"href":"https:\/\/radiowebmx.com\/nota\/wp-json\/wp\/v2\/tags?post=31887"}],"curies":[{"name":"wp","href":"https:\/\/api.w.org\/{rel}","templated":true}]}}