{"id":31872,"date":"2017-02-27T11:24:24","date_gmt":"2017-02-27T17:24:24","guid":{"rendered":"https:\/\/radiowebmx.com\/nota\/?p=31872"},"modified":"2017-02-27T11:24:24","modified_gmt":"2017-02-27T17:24:24","slug":"ayuntamiento-de-morelia-apoya-los-mercados-de-la-ciudad","status":"publish","type":"post","link":"https:\/\/radiowebmx.com\/nota\/ayuntamiento-de-morelia-apoya-los-mercados-de-la-ciudad\/","title":{"rendered":"Ayuntamiento de Morelia apoya los  mercados de la ciudad"},"content":{"rendered":"<p><img loading=\"lazy\" decoding=\"async\" class=\"alignleft size-full wp-image-31873\" src=\"https:\/\/radiowebmx.com\/nota\/wp-content\/uploads\/2017\/02\/1498a83d-42cf-47b3-a623-910ec15e4694.jpg\" alt=\"1498a83d-42cf-47b3-a623-910ec15e4694\" width=\"709\" height=\"472\" srcset=\"https:\/\/radiowebmx.com\/nota\/wp-content\/uploads\/2017\/02\/1498a83d-42cf-47b3-a623-910ec15e4694.jpg 709w, https:\/\/radiowebmx.com\/nota\/wp-content\/uploads\/2017\/02\/1498a83d-42cf-47b3-a623-910ec15e4694-300x200.jpg 300w\" sizes=\"auto, (max-width: 709px) 100vw, 709px\" \/><\/p>\n<p>&nbsp;<\/p>\n<p>En aras de apoyar la econom\u00eda de las familias morelianas y promover el comercio local, el Gobierno Municipal en coordinaci\u00f3n con la Delegaci\u00f3n de la Procuradur\u00eda Federal del Consumidor (PROFECO), contin\u00faa con los recorridos del programa de verificaci\u00f3n de b\u00e1sculas en mercados; este s\u00e1bado, los funcionarios federales y municipales acudieron al mercado Emiliano Zapata.<\/p>\n<p>Acompa\u00f1ado del Delgado de la PROFECO en Michoac\u00e1n, Idelfonso Mares Chapa y el representante de los oferentes, Ad\u00e1n Hern\u00e1ndez Fonseca, el Director de Mercados, Jos\u00e9 Eugenio Villalobos Guzm\u00e1n destac\u00f3 el inter\u00e9s del Presidente Municipal, Alfonso Mart\u00ednez Alc\u00e1zar, por apoyar sin distingos los establecimientos comerciales establecidos en Morelia.<\/p>\n<p>Detall\u00f3 que a pesar de que este inmueble al noroeste de la ciudad pertenece a particulares, el Alcalde, sensible de la necesidad de los m\u00e1s de 50 locatarios que brindan sus servicios, gir\u00f3 instrucciones para promover el mercado que cuenta con cerca de tres d\u00e9cadas de funcionamiento.<\/p>\n<p>\u201cLa visita a este lugar obedece a dos razones, adem\u00e1s de verificar que los precios que se otorguen sean justos y las pesas est\u00e9n bien calibradas, buscamos reactivar este importante mercado, que la ciudadan\u00eda sepa que aqu\u00ed se venden productos de calidad y a un muy buen costo\u201d, explic\u00f3 el funcionario municipal.<\/p>\n<p>Tras escuchar algunas de las inquietudes de los locatarios, Villalobos Guzm\u00e1n, a nombre del Secretario de Servicios P\u00fablicos Municipales, Jos\u00e9 Luis Gil V\u00e1zquez, se comprometi\u00f3 a mejorar las condiciones del mercado Emiliano Zapata, toda vez que este no se encuentra muy visible y es necesario hacer algunas adecuaciones.<\/p>\n<p>En su oportunidad, el delegado estatal de la PROFECO, detall\u00f3 que este es el cuarto mercado que visitan en la ciudad, en tanto que en los pr\u00f3ximos d\u00edas continuar\u00e1n en otros cuatro establecimientos comerciales; precis\u00f3 que en estos recorridos se revisa que se exhiban los precios en los diferentes mercados, asimismo, que las b\u00e1sculas se encuentren debidamente calibradas para garantizar que se despachen kilos completos.<\/p>\n<p>Por su parte, Ad\u00e1n Hern\u00e1ndez, agradeci\u00f3 el inter\u00e9s del Ayuntamiento de Morelia por apoyar e impulsar este mercado y resalt\u00f3 la disposici\u00f3n de los locatarios para mejorar de la mano de las autoridades municipales este lugar.<\/p>\n<p>Cabe mencionar, que tambi\u00e9n estuvo presente personal de la Coordinaci\u00f3n de Protecci\u00f3n Civil y de Bomberos, quienes verificaron que se cumplan con las rutas de evacuaci\u00f3n y cuentes con las medidas apropiadas de prevenci\u00f3n.<\/p>\n","protected":false},"excerpt":{"rendered":"<p>En aras de apoyar la econom\u00eda de las familias morelianas y promover el comercio local, el Gobierno Municipal en coordinaci\u00f3n con la Delegaci\u00f3n de la Procuradur\u00eda Federal del Consumidor (PROFECO), contin\u00faa con los recorridos del programa de verificaci\u00f3n de b\u00e1sculas en mercados; este s\u00e1bado, los funcionarios federales y municipales acudieron al mercado Emiliano Zapata.<\/p>\n","protected":false},"author":1,"featured_media":31873,"comment_status":"open","ping_status":"open","sticky":false,"template":"","format":"standard","meta":{"footnotes":""},"categories":[14,9],"tags":[],"class_list":["post-31872","post","type-post","status-publish","format-standard","has-post-thumbnail","hentry","category-destacadas","category-morelia"],"_links":{"self":[{"href":"https:\/\/radiowebmx.com\/nota\/wp-json\/wp\/v2\/posts\/31872","targetHints":{"allow":["GET"]}}],"collection":[{"href":"https:\/\/radiowebmx.com\/nota\/wp-json\/wp\/v2\/posts"}],"about":[{"href":"https:\/\/radiowebmx.com\/nota\/wp-json\/wp\/v2\/types\/post"}],"author":[{"embeddable":true,"href":"https:\/\/radiowebmx.com\/nota\/wp-json\/wp\/v2\/users\/1"}],"replies":[{"embeddable":true,"href":"https:\/\/radiowebmx.com\/nota\/wp-json\/wp\/v2\/comments?post=31872"}],"version-history":[{"count":1,"href":"https:\/\/radiowebmx.com\/nota\/wp-json\/wp\/v2\/posts\/31872\/revisions"}],"predecessor-version":[{"id":31874,"href":"https:\/\/radiowebmx.com\/nota\/wp-json\/wp\/v2\/posts\/31872\/revisions\/31874"}],"wp:featuredmedia":[{"embeddable":true,"href":"https:\/\/radiowebmx.com\/nota\/wp-json\/wp\/v2\/media\/31873"}],"wp:attachment":[{"href":"https:\/\/radiowebmx.com\/nota\/wp-json\/wp\/v2\/media?parent=31872"}],"wp:term":[{"taxonomy":"category","embeddable":true,"href":"https:\/\/radiowebmx.com\/nota\/wp-json\/wp\/v2\/categories?post=31872"},{"taxonomy":"post_tag","embeddable":true,"href":"https:\/\/radiowebmx.com\/nota\/wp-json\/wp\/v2\/tags?post=31872"}],"curies":[{"name":"wp","href":"https:\/\/api.w.org\/{rel}","templated":true}]}}