{"id":31869,"date":"2017-02-27T10:53:39","date_gmt":"2017-02-27T16:53:39","guid":{"rendered":"https:\/\/radiowebmx.com\/nota\/?p=31869"},"modified":"2017-02-27T10:53:39","modified_gmt":"2017-02-27T16:53:39","slug":"listo-el-programa-de-prevencion-y-combate-de-incendios-forestales","status":"publish","type":"post","link":"https:\/\/radiowebmx.com\/nota\/listo-el-programa-de-prevencion-y-combate-de-incendios-forestales\/","title":{"rendered":"Listo, el Programa de Prevenci\u00f3n y Combate de Incendios Forestales"},"content":{"rendered":"<p><img loading=\"lazy\" decoding=\"async\" class=\"alignleft size-full wp-image-31870\" src=\"https:\/\/radiowebmx.com\/nota\/wp-content\/uploads\/2017\/02\/7c97e1ae-bd94-4a85-915f-6cf751234edf.jpg\" alt=\"7c97e1ae-bd94-4a85-915f-6cf751234edf\" width=\"709\" height=\"531\" srcset=\"https:\/\/radiowebmx.com\/nota\/wp-content\/uploads\/2017\/02\/7c97e1ae-bd94-4a85-915f-6cf751234edf.jpg 709w, https:\/\/radiowebmx.com\/nota\/wp-content\/uploads\/2017\/02\/7c97e1ae-bd94-4a85-915f-6cf751234edf-300x225.jpg 300w\" sizes=\"auto, (max-width: 709px) 100vw, 709px\" \/><\/p>\n<p><strong>Morelia, Michoac\u00e1n, a 25 de febrero de 2017.<\/strong>&#8211; En Michoac\u00e1n est\u00e1 listo el Programa de Prevenci\u00f3n de Incendios Forestales 2017, mediante el cual habr\u00e1 monitoreo satelital permanente para identificar cualquier foco rojo.<br \/>\nLa infraestructura operativa y de ataque esta delineada para combatir el fuego en la pr\u00f3xima temporada de estiaje, detall\u00f3 el director general de la Comisi\u00f3n Forestal del Estado de Michoac\u00e1n (Cofom), Roberto P\u00e9rez Medrano.<\/p>\n<p>Una de las \u00e1reas prioritarias de protecci\u00f3n ser\u00e1 la Reserva de la Bi\u00f3sfera de la Mariposa Monarca.<br \/>\nResalt\u00f3 que de acuerdo al protocolo de atenci\u00f3n a los siniestros se definir\u00e1n las acciones de ataque bajo un Mando Unificado conformado por Semarnat, Conafor, Profepa, Conanp, Semarnacc, Cofom y Protecci\u00f3n Civil.<\/p>\n<p>Adem\u00e1s para cualquier eventualidad mayor, se estima la participaci\u00f3n del Ej\u00e9rcito Mexicano, Ayuntamientos, cuerpos de seguridad y auxilio, silvicultores, profesionistas forestales y voluntarios.<\/p>\n<p>A trav\u00e9s de este Centro de Mando se tendr\u00e1 una verificaci\u00f3n de puntos de calor v\u00eda sat\u00e9lite y monitoreo de las condiciones atmosf\u00e9ricas para definir los \u00edndices de riesgo en el territorio estatal, refiri\u00f3 el funcionario estatal.<\/p>\n<p>Detall\u00f3 que el Centro Estatal de Combate de Incendios Forestales opera con personal especializado de las instancias participantes del Programa, que pone a consideraci\u00f3n informaci\u00f3n para la atenci\u00f3n de emergencias, manejo de incidentes y solicitud de apoyos adicionales.<\/p>\n<p>En relaci\u00f3n a la infraestructura operativa, inform\u00f3 que el Programa contempla la activaci\u00f3n de mil 181 brigadistas, 14 torres de detecci\u00f3n, mil 131 recorridos terrestres para el proceso de detecci\u00f3n y combate al fuego, la capacitaci\u00f3n de personal, la construcci\u00f3n de 92 kil\u00f3metros de brechas cortafuego y la rehabilitaci\u00f3n de 233 kil\u00f3metros de \u00e9stas en la geograf\u00eda michoacana.<\/p>\n<p>Se\u00f1al\u00f3 que tambi\u00e9n se tienen dos Centros Regionales Intermunicipales de Control de Incendios en Zamora y P\u00e1tzcuaro, adem\u00e1s del Centro Estatal en Morelia y los pr\u00f3ximos a instalarse en los municipios de Uruapan y Coalcom\u00e1n y otro m\u00e1s en la regi\u00f3n Oriente.<\/p>\n<p>P\u00e9rez Medrano dej\u00f3 en claro el compromiso del Gobernador del Estado, Silvano Aureoles Conejo de atender con oportunidad y eficiencia todos los incendios forestales que se presenten en los bosque y selvas de Michoac\u00e1n.<\/p>\n<p>Una de las metas para la temporada de estiaje ser\u00e1 mejorar los \u00edndices de eficiencia de detecci\u00f3n en 16 minutos, el tiempo de llegada al sitio de combate en 55 minutos y la duraci\u00f3n del combate en 8 horas con 22 minutos.<\/p>\n<p>Para este a\u00f1o se prev\u00e9n condiciones clim\u00e1ticas fuertes derivado del cambio clim\u00e1tico por lo que se acrecentar\u00e1n\u00a0las tareas preventivas para proteger al bosque y su riqueza natural como es el agua, suelo, flora y fauna silvestre, indic\u00f3.<\/p>\n","protected":false},"excerpt":{"rendered":"<p>En Michoac\u00e1n est\u00e1 listo el Programa de Prevenci\u00f3n de Incendios Forestales 2017, mediante el cual habr\u00e1 monitoreo satelital permanente para identificar cualquier foco rojo.<\/p>\n","protected":false},"author":1,"featured_media":31870,"comment_status":"open","ping_status":"open","sticky":false,"template":"","format":"standard","meta":{"footnotes":""},"categories":[14,3],"tags":[],"class_list":["post-31869","post","type-post","status-publish","format-standard","has-post-thumbnail","hentry","category-destacadas","category-gobierno-del-estado-de-michoacan"],"_links":{"self":[{"href":"https:\/\/radiowebmx.com\/nota\/wp-json\/wp\/v2\/posts\/31869","targetHints":{"allow":["GET"]}}],"collection":[{"href":"https:\/\/radiowebmx.com\/nota\/wp-json\/wp\/v2\/posts"}],"about":[{"href":"https:\/\/radiowebmx.com\/nota\/wp-json\/wp\/v2\/types\/post"}],"author":[{"embeddable":true,"href":"https:\/\/radiowebmx.com\/nota\/wp-json\/wp\/v2\/users\/1"}],"replies":[{"embeddable":true,"href":"https:\/\/radiowebmx.com\/nota\/wp-json\/wp\/v2\/comments?post=31869"}],"version-history":[{"count":1,"href":"https:\/\/radiowebmx.com\/nota\/wp-json\/wp\/v2\/posts\/31869\/revisions"}],"predecessor-version":[{"id":31871,"href":"https:\/\/radiowebmx.com\/nota\/wp-json\/wp\/v2\/posts\/31869\/revisions\/31871"}],"wp:featuredmedia":[{"embeddable":true,"href":"https:\/\/radiowebmx.com\/nota\/wp-json\/wp\/v2\/media\/31870"}],"wp:attachment":[{"href":"https:\/\/radiowebmx.com\/nota\/wp-json\/wp\/v2\/media?parent=31869"}],"wp:term":[{"taxonomy":"category","embeddable":true,"href":"https:\/\/radiowebmx.com\/nota\/wp-json\/wp\/v2\/categories?post=31869"},{"taxonomy":"post_tag","embeddable":true,"href":"https:\/\/radiowebmx.com\/nota\/wp-json\/wp\/v2\/tags?post=31869"}],"curies":[{"name":"wp","href":"https:\/\/api.w.org\/{rel}","templated":true}]}}