{"id":31681,"date":"2017-02-22T10:24:32","date_gmt":"2017-02-22T16:24:32","guid":{"rendered":"https:\/\/radiowebmx.com\/nota\/?p=31681"},"modified":"2017-02-22T10:24:32","modified_gmt":"2017-02-22T16:24:32","slug":"contara-zacapu-con-extension-de-la-universidad-intercultural-indigena","status":"publish","type":"post","link":"https:\/\/radiowebmx.com\/nota\/contara-zacapu-con-extension-de-la-universidad-intercultural-indigena\/","title":{"rendered":"Contar\u00e1 Zacapu con extensi\u00f3n de la Universidad Intercultural Ind\u00edgena"},"content":{"rendered":"<p><img loading=\"lazy\" decoding=\"async\" class=\"alignleft size-full wp-image-31682\" src=\"https:\/\/radiowebmx.com\/nota\/wp-content\/uploads\/2017\/02\/01bc5b7b-9bf4-4eb2-8daf-5437772cc637.jpg\" alt=\"01bc5b7b-9bf4-4eb2-8daf-5437772cc637\" width=\"709\" height=\"472\" srcset=\"https:\/\/radiowebmx.com\/nota\/wp-content\/uploads\/2017\/02\/01bc5b7b-9bf4-4eb2-8daf-5437772cc637.jpg 709w, https:\/\/radiowebmx.com\/nota\/wp-content\/uploads\/2017\/02\/01bc5b7b-9bf4-4eb2-8daf-5437772cc637-300x200.jpg 300w\" sizes=\"auto, (max-width: 709px) 100vw, 709px\" \/><\/p>\n<p>&nbsp;<\/p>\n<p><strong>Tir\u00edndaro, mpio. de Zacapu, Michoac\u00e1n, a 21 de febrero de 2017.-<\/strong> Para contribuir en el rescate y preservaci\u00f3n de la lenguas ind\u00edgenas en Michoac\u00e1n, tal como lo instruy\u00f3 el Gobernador Constitucional, Silvano Aureoles Conejo, pr\u00f3ximamente la comunidad de Tir\u00edndaro en el municipio de Zacapu, contar\u00e1 con una extensi\u00f3n de la Universidad Intercultural Ind\u00edgena, as\u00ed lo anunci\u00f3 este martes, el secretario de los Pueblos Ind\u00edgenas en el Estado, Mart\u00edn Garc\u00eda Avil\u00e9s, en el marco de la conmemoraci\u00f3n del D\u00eda Internacional de la Lengua Materna.<\/p>\n<p>El funcionario estatal, destac\u00f3 que para dicho proyecto ejercer\u00e1n una inversi\u00f3n de 6 millones de pesos que lograron rescatar del ejercicio 2016, ya que para la administraci\u00f3n que encabeza Aureoles Conejo es prioritario atender las necesidades de los habitantes de los pueblos originarios.<\/p>\n<p>El titular de la SPI solicit\u00f3 el apoyo del Congreso Local para impulsar la Ley Estatal en materia de Derechos Ling\u00fc\u00edsticos, para crear el Instituto Ling\u00fc\u00edstico y la Academia Michoacana de la Lengua Ind\u00edgena en la entidad.<\/p>\n<p>\u201cCon la concreci\u00f3n de estos proyectos, el impulso de m\u00e1s y mejores acciones,\u00a0 as\u00ed como la inversi\u00f3n de los recursos necesarios, avanzaremos en mejorar las condiciones de vida de las comunidades ind\u00edgenas y contribuimos en el rescate y preservaci\u00f3n de la lengua materna\u201d, asever\u00f3 Garc\u00eda Avil\u00e9s.<\/p>\n<p>El Secretario de los Pueblos Ind\u00edgenas lament\u00f3 que en la actualidad, las nuevas generaciones por marginaci\u00f3n o verg\u00fcenza pierdan el inter\u00e9s de hablar la lengua ind\u00edgena.<\/p>\n<p>\u201cLos ni\u00f1os y los j\u00f3venes deben sentirse orgullosos de sus or\u00edgenes y hablar la lengua materna para mantener viva la cultura de sus antepasados\u201d, apunt\u00f3.<\/p>\n<p>Por su parte, el secretario de Innovaci\u00f3n, Ciencia y Desarrollo Tecnol\u00f3gico en la entidad, Jos\u00e9 Luis Monta\u00f1ez Espinosa, destac\u00f3 que la dependencia a su cargo tambi\u00e9n contribuye en el rescate de las lenguas ind\u00edgenas, por lo que editaron alrededor de mil 700 libros para promover la lectura cient\u00edfica en pur\u00e9pecha.<\/p>\n<p>Acompa\u00f1ados de una banda de m\u00fasica de viento y decenas de ni\u00f1os, j\u00f3venes y adultos vestidos con trajes t\u00edpicos de la regi\u00f3n, las autoridades recorrieron bailando las calles de la tenencia, partieron de la plaza del m\u00fasico hasta llegar a la plaza principal, donde realizaron el acto oficial conmemorativo al D\u00eda Internacional de la Lengua Materna.<\/p>\n<p>En 1999 la UNESCO declar\u00f3 este el 21 de febrero como el D\u00eda Internacional de la Lengua Materna.<\/p>\n<p>En M\u00e9xico hay alrededor de 26 millones de habitantes de las comunidades ind\u00edgenas, pero s\u00f3lo 7 millones son hablantes de la lengua materna.<\/p>\n<p>Mientras que en Michoac\u00e1n hay alrededor de 500 mil ind\u00edgenas en 437 comunidades, de los cuales s\u00f3lo 270 mil hablan principalmente el pur\u00e9pecha, por lo que es necesario rescatar la mazahua, n\u00e1huatl y otom\u00ed para no perderlas como ocurri\u00f3 con la matlatzinca.<\/p>\n<p>El dicha conmemoraci\u00f3n estuvieron presentes, el presidente municipal de Zacapu, Gerardo Torres Ochoa; la presidenta del DIF Municipal, Carmen Paulina Bedolla Alcaraz; el presidente de la Comisi\u00f3n de Asuntos Ind\u00edgenas, Juan Figueroa G\u00f3mez; el rector de la Universidad Intercultural Ind\u00edgena de Michoac\u00e1n, Ad\u00e1n \u00c1valos Garc\u00eda, entre otros.<\/p>\n","protected":false},"excerpt":{"rendered":"<p>Para contribuir en el rescate y preservaci\u00f3n de la lenguas ind\u00edgenas en Michoac\u00e1n, tal como lo instruy\u00f3 el Gobernador Constitucional, Silvano Aureoles Conejo, pr\u00f3ximamente la comunidad de Tir\u00edndaro en el municipio de Zacapu, contar\u00e1 con una extensi\u00f3n de la Universidad Intercultural Ind\u00edgena, as\u00ed lo anunci\u00f3 este martes, el secretario de los Pueblos Ind\u00edgenas en el Estado, Mart\u00edn Garc\u00eda Avil\u00e9s, en el marco de la conmemoraci\u00f3n del D\u00eda Internacional de la Lengua Materna.<\/p>\n","protected":false},"author":1,"featured_media":31682,"comment_status":"open","ping_status":"open","sticky":false,"template":"","format":"standard","meta":{"footnotes":""},"categories":[14,3],"tags":[],"class_list":["post-31681","post","type-post","status-publish","format-standard","has-post-thumbnail","hentry","category-destacadas","category-gobierno-del-estado-de-michoacan"],"_links":{"self":[{"href":"https:\/\/radiowebmx.com\/nota\/wp-json\/wp\/v2\/posts\/31681","targetHints":{"allow":["GET"]}}],"collection":[{"href":"https:\/\/radiowebmx.com\/nota\/wp-json\/wp\/v2\/posts"}],"about":[{"href":"https:\/\/radiowebmx.com\/nota\/wp-json\/wp\/v2\/types\/post"}],"author":[{"embeddable":true,"href":"https:\/\/radiowebmx.com\/nota\/wp-json\/wp\/v2\/users\/1"}],"replies":[{"embeddable":true,"href":"https:\/\/radiowebmx.com\/nota\/wp-json\/wp\/v2\/comments?post=31681"}],"version-history":[{"count":1,"href":"https:\/\/radiowebmx.com\/nota\/wp-json\/wp\/v2\/posts\/31681\/revisions"}],"predecessor-version":[{"id":31683,"href":"https:\/\/radiowebmx.com\/nota\/wp-json\/wp\/v2\/posts\/31681\/revisions\/31683"}],"wp:featuredmedia":[{"embeddable":true,"href":"https:\/\/radiowebmx.com\/nota\/wp-json\/wp\/v2\/media\/31682"}],"wp:attachment":[{"href":"https:\/\/radiowebmx.com\/nota\/wp-json\/wp\/v2\/media?parent=31681"}],"wp:term":[{"taxonomy":"category","embeddable":true,"href":"https:\/\/radiowebmx.com\/nota\/wp-json\/wp\/v2\/categories?post=31681"},{"taxonomy":"post_tag","embeddable":true,"href":"https:\/\/radiowebmx.com\/nota\/wp-json\/wp\/v2\/tags?post=31681"}],"curies":[{"name":"wp","href":"https:\/\/api.w.org\/{rel}","templated":true}]}}