{"id":31678,"date":"2017-02-22T10:15:55","date_gmt":"2017-02-22T16:15:55","guid":{"rendered":"https:\/\/radiowebmx.com\/nota\/?p=31678"},"modified":"2017-02-22T10:15:55","modified_gmt":"2017-02-22T16:15:55","slug":"secretario-ejecutivo-del-sistema-nacional-de-seguridad-publica-apuesta-por-la-capacitacion-de-la-policia-de-morelia-alfonso-martinez","status":"publish","type":"post","link":"https:\/\/radiowebmx.com\/nota\/secretario-ejecutivo-del-sistema-nacional-de-seguridad-publica-apuesta-por-la-capacitacion-de-la-policia-de-morelia-alfonso-martinez\/","title":{"rendered":"Secretario Ejecutivo del Sistema Nacional de Seguridad P\u00fablica apuesta por la capacitaci\u00f3n de la Polic\u00eda de Morelia: Alfonso Mart\u00ednez"},"content":{"rendered":"<p><img loading=\"lazy\" decoding=\"async\" class=\"alignleft size-full wp-image-31679\" src=\"https:\/\/radiowebmx.com\/nota\/wp-content\/uploads\/2017\/02\/b7b72689-ccb7-41b3-985c-f2b33a93a7d8.jpeg\" alt=\"b7b72689-ccb7-41b3-985c-f2b33a93a7d8\" width=\"709\" height=\"524\" srcset=\"https:\/\/radiowebmx.com\/nota\/wp-content\/uploads\/2017\/02\/b7b72689-ccb7-41b3-985c-f2b33a93a7d8.jpeg 709w, https:\/\/radiowebmx.com\/nota\/wp-content\/uploads\/2017\/02\/b7b72689-ccb7-41b3-985c-f2b33a93a7d8-300x222.jpeg 300w\" sizes=\"auto, (max-width: 709px) 100vw, 709px\" \/><\/p>\n<p>&nbsp;<\/p>\n<p>Derivado de las gestiones que realiza el Presidente Municipal, Alfonso Mart\u00ednez Alc\u00e1zar, para reforzar las acciones de seguridad que se emprenden en la capital de Michoac\u00e1n y fortalecer a la corporaci\u00f3n policiaca, Morelia result\u00f3 beneficiario este 2017 por un monto superior a los 63 millones de pesos correspondiente al subsidio del Programa de Fortalecimiento para la Seguridad (FORTASEG), lo cual reforzar\u00e1 a\u00fan m\u00e1s la capacitaci\u00f3n y formaci\u00f3n de la Polic\u00eda de Morelia.<\/p>\n<p>El Gobierno Municipal Independiente que encabeza el Alcalde, Alfonso Mart\u00ednez Alc\u00e1zar, fiel a su compromiso de velar por la protecci\u00f3n de los morelianos, canalizar\u00e1 concretamente dichos recursos para la capacitaci\u00f3n de los elementos municipales, ex\u00e1menes de control y confianza, Formaci\u00f3n Inicial, equipamiento del personal, as\u00ed como programas de Prevenci\u00f3n del Delito.<\/p>\n<p>En el marco de la reuni\u00f3n que sostuvo en la Ciudad de M\u00e9xico el Jefe de la Comuna Moreliana con el Secretario Ejecutivo del Sistema Nacional de Seguridad P\u00fablica, \u00c1lvaro Vizca\u00edno Zamora, en la que fue informado que el Gobierno Municipal cumpli\u00f3 con los requisitos para acceder al subsidio federal, subray\u00f3 que para la Administraci\u00f3n que encabeza, la seguridad representa uno de los ejes prioritarios, por lo que el presupuesto asignado ser\u00e1 una pieza clave para avanzar en este rubro tan importante.<\/p>\n<p>\u201cHemos dicho que el tema de la seguridad no se ha resuelto en su totalidad, pero sin duda, hemos avanzado considerablemente y estamos trabajando de manera decida para disminuir los \u00edndices delictivos en el municipio desde todos los frentes\u201d, afirm\u00f3 en compa\u00f1\u00eda tambi\u00e9n del Comisionado Municipal de Seguridad, Bernardo Le\u00f3n Olea; la presidenta de la Asociaci\u00f3n Civil Alto al Secuestro, Isabel Miranda de Wallace y la Secretaria Ejecutiva del Sistema Estatal de Seguridad Publica, Dolores de los \u00c1ngeles Nazares Jer\u00f3nimo.<\/p>\n<p>Mart\u00ednez Alc\u00e1zar, resalt\u00f3 que sin descuidar la parte reactiva, la Polic\u00eda de Morelia, ha reforzado un modelo preventivo-proactivo, a trav\u00e9s del fortalecimiento de la corporaci\u00f3n, la proximidad social, as\u00ed como una selecci\u00f3n rigurosa de los uniformados, muestra de ello, es que este es el \u00fanico cuerpo de seguridad que cuenta con el 100 por ciento de los elementos acreditados con los ex\u00e1menes de control y confianza.<\/p>\n<p>En su oportunidad, el Secretario Ejecutivo del Sistema Nacional de Seguridad P\u00fablica \u00c1lvaro Vizca\u00edno, se pronunci\u00f3 por aplicar dichos recursos para la profesionalizaci\u00f3n de los uniformados, \u201cde nada sirve comprar patrullas, chalecos antibalas o equipamiento si no depuramos nuestras polic\u00edas y las capacitamos adecuadamente\u201d, insisti\u00f3.<\/p>\n<p>Asegur\u00f3 que el combate a la delincuencia requiere de una estrategia integral de prevenci\u00f3n, capacitaci\u00f3n y reactiva, as\u00ed como de la estrecha coordinaci\u00f3n entre los tres \u00f3rdenes de Gobierno, en el \u00e1nimo de alinear las pol\u00edticas p\u00fablicas en la materia.<\/p>\n<p>Cabe destacar, que el 25 de enero del a\u00f1o en curso, se public\u00f3 en el Diario Oficial de la Federaci\u00f3n el Acuerdo por el que se establecen los Lineamientos del FORTASEG 2017, documento que considera las disposiciones para la gesti\u00f3n, administraci\u00f3n, vigilancia, seguimiento, verificaci\u00f3n y evaluaci\u00f3n del subsidio; adem\u00e1s de las f\u00f3rmulas de elegibilidad y de distribuci\u00f3n de los recursos; as\u00ed como la lista de municipios y demarcaciones territoriales beneficiarios y el monto de asignaci\u00f3n de los recursos federales, conforme a los Programas con Prioridad Nacional aplicables.<\/p>\n<p>De esta manera y tras cumplir con cada uno de los requisitos, el Ayuntamiento de Morelia, ejercer\u00e1 este 2017 recursos por el orden de los 63 millones 205 mil 558 pesos.<\/p>\n<p>Lo anterior, se adiciona a los 18 millones de pesos que ejerci\u00f3 apenas hace un mes el Gobierno Municipal para el equipamiento de la Polic\u00eda de Morelia, recursos con los cuales se adquirieron herramientas para el trabajo diario de los elementos, como gr\u00faas, camiones y motopatrullas.<\/p>\n<p>Con estas acciones, el Gobierno Municipal Independiente avanza como ninguna otra Administraci\u00f3n en la construcci\u00f3n de instituciones s\u00f3lidas y elementos capacitados con los m\u00e1s altos niveles, que garanticen el Estado de Derecho y est\u00e9n a la altura de las necesidades de los morelianos en materia de seguridad y prevenci\u00f3n.<\/p>\n","protected":false},"excerpt":{"rendered":"<p>Derivado de las gestiones que realiza el Presidente Municipal, Alfonso Mart\u00ednez Alc\u00e1zar, para reforzar las acciones de seguridad que se emprenden en la capital de Michoac\u00e1n y fortalecer a la corporaci\u00f3n policiaca, Morelia result\u00f3 beneficiario este 2017 por un monto superior a los 63 millones de pesos correspondiente al subsidio del Programa de Fortalecimiento para la Seguridad (FORTASEG), lo cual reforzar\u00e1 a\u00fan m\u00e1s la capacitaci\u00f3n y formaci\u00f3n de la Polic\u00eda de Morelia.<\/p>\n","protected":false},"author":1,"featured_media":31679,"comment_status":"open","ping_status":"open","sticky":false,"template":"","format":"standard","meta":{"footnotes":""},"categories":[14,9],"tags":[],"class_list":["post-31678","post","type-post","status-publish","format-standard","has-post-thumbnail","hentry","category-destacadas","category-morelia"],"_links":{"self":[{"href":"https:\/\/radiowebmx.com\/nota\/wp-json\/wp\/v2\/posts\/31678","targetHints":{"allow":["GET"]}}],"collection":[{"href":"https:\/\/radiowebmx.com\/nota\/wp-json\/wp\/v2\/posts"}],"about":[{"href":"https:\/\/radiowebmx.com\/nota\/wp-json\/wp\/v2\/types\/post"}],"author":[{"embeddable":true,"href":"https:\/\/radiowebmx.com\/nota\/wp-json\/wp\/v2\/users\/1"}],"replies":[{"embeddable":true,"href":"https:\/\/radiowebmx.com\/nota\/wp-json\/wp\/v2\/comments?post=31678"}],"version-history":[{"count":1,"href":"https:\/\/radiowebmx.com\/nota\/wp-json\/wp\/v2\/posts\/31678\/revisions"}],"predecessor-version":[{"id":31680,"href":"https:\/\/radiowebmx.com\/nota\/wp-json\/wp\/v2\/posts\/31678\/revisions\/31680"}],"wp:featuredmedia":[{"embeddable":true,"href":"https:\/\/radiowebmx.com\/nota\/wp-json\/wp\/v2\/media\/31679"}],"wp:attachment":[{"href":"https:\/\/radiowebmx.com\/nota\/wp-json\/wp\/v2\/media?parent=31678"}],"wp:term":[{"taxonomy":"category","embeddable":true,"href":"https:\/\/radiowebmx.com\/nota\/wp-json\/wp\/v2\/categories?post=31678"},{"taxonomy":"post_tag","embeddable":true,"href":"https:\/\/radiowebmx.com\/nota\/wp-json\/wp\/v2\/tags?post=31678"}],"curies":[{"name":"wp","href":"https:\/\/api.w.org\/{rel}","templated":true}]}}