{"id":31674,"date":"2017-02-21T14:24:02","date_gmt":"2017-02-21T20:24:02","guid":{"rendered":"https:\/\/radiowebmx.com\/nota\/?p=31674"},"modified":"2017-02-21T14:24:02","modified_gmt":"2017-02-21T20:24:02","slug":"colegio-de-morelia-anuncia-segunda-edicion-de-laboratorio-de-proyectos-culturales","status":"publish","type":"post","link":"https:\/\/radiowebmx.com\/nota\/colegio-de-morelia-anuncia-segunda-edicion-de-laboratorio-de-proyectos-culturales\/","title":{"rendered":"Colegio de Morelia anuncia segunda edici\u00f3n de \u201cLaboratorio de Proyectos Culturales\u201d"},"content":{"rendered":"<p><img loading=\"lazy\" decoding=\"async\" class=\"alignleft size-full wp-image-31675\" src=\"https:\/\/radiowebmx.com\/nota\/wp-content\/uploads\/2017\/02\/01674e55-7943-427f-ab44-14bff242d1e2.jpg\" alt=\"01674e55-7943-427f-ab44-14bff242d1e2\" width=\"709\" height=\"472\" srcset=\"https:\/\/radiowebmx.com\/nota\/wp-content\/uploads\/2017\/02\/01674e55-7943-427f-ab44-14bff242d1e2.jpg 709w, https:\/\/radiowebmx.com\/nota\/wp-content\/uploads\/2017\/02\/01674e55-7943-427f-ab44-14bff242d1e2-300x200.jpg 300w\" sizes=\"auto, (max-width: 709px) 100vw, 709px\" \/><\/p>\n<p>&nbsp;<\/p>\n<p>Luego del \u00e9xito obtenido los pasados d\u00edas en los cuales el Ayuntamiento de Morelia a trav\u00e9s del Colegio de Morelia, puso a disposici\u00f3n de la ciudadan\u00eda el \u201cLaboratorio de Proyectos Culturales\u201d, actividad en la cual se impartieron a decenas de alumnos los conocimientos para gestionar, financiar y gestar proyectos de corte cultural y art\u00edstico, empoderando as\u00ed a este sector de la sociedad, este martes el Director de dicha paramunicipal, Alejandro Amante Urbina, anunci\u00f3 una segunda edici\u00f3n de este laboratorio, mismo que se llevar\u00e1 a cabo los d\u00edas 23, 24 y 25 del presente mes.<\/p>\n<p>Acompa\u00f1ado por el Regidor, Benjam\u00edn Farf\u00e1n Reyes y por Luis Daniel Garc\u00eda Reyes, Licenciado en Gesti\u00f3n Cultural y quien impartir\u00e1 el Laboratorio, Amante Urbina dijo que la Administraci\u00f3n Municipal Independiente encabezada por el Presidente Municipal de Morelia, Alfonso Mart\u00ednez, tiene un enorme compromiso con el sector art\u00edstico y cultural de la ciudad, situaci\u00f3n que se refrenda con el impulso a una segunda edici\u00f3n de estos exitosos cursos.<\/p>\n<p>\u201cEstamos convocando a la comunidad art\u00edstica de Morelia a que asistan al segundo laboratorio de Elaboraci\u00f3n de Proyectos Culturales, porque las oportunidades para poder bajar recursos federales est\u00e1n a la vuelta de la esquina y son oportunidades que no podemos perder para detonar desarrollo a partir de la cultura\u201d, subray\u00f3.<\/p>\n<p>Luis Daniel Garc\u00eda, ponente del laboratorio explic\u00f3 que esta segunda oportunidad corresponde al \u00e9xito obtenido en la primera edici\u00f3n, y agreg\u00f3 que para esta ocasi\u00f3n el objetivo ser\u00e1 traducir las ideas de los participantes en proyectos viables y realizables, aprovechando las convocatorias art\u00edsticas y culturales que en su mayor\u00eda son del Gobierno Federal.<\/p>\n<p>\u201cLes daremos seguimiento a los trabajos del primer laboratorio, para que logren cuajarlos y los presenten a todas las convocatorias posibles\u201d, acot\u00f3.<\/p>\n<p>Record\u00f3 que los proyectos que presentan los asistentes al laboratorio son multidisciplinarios que abarcan desde artes visuales, pintura, fotograf\u00eda, cine, video blogs y muchas m\u00e1s.<\/p>\n<p>Por su parte el Regidor, Benjam\u00edn Farf\u00e1n Reyes, refrend\u00f3 su inter\u00e9s por empoderar al sector cultural de Morelia y brindarle las herramientas para poder vivir de su quehacer, despoj\u00e1ndose del estereotipo de que las artes nos son redituables.<\/p>\n<p>\u201cEn esto tambi\u00e9n hay negocio y tenemos que entender que la Cultura puede formar parte de la reactivaci\u00f3n econ\u00f3mica de Morelia\u201d, destac\u00f3.<\/p>\n<p>El Laboratorio de Proyectos Culturales en su Segunda Edici\u00f3n se impartir\u00e1 en las instalaciones del Colegio de Morelia los d\u00edas 23, 24 y 25 de Febrero en horarios de 9:00 a 14:00 horas y 16:00 a 19:00 horas, con excepci\u00f3n del s\u00e1bado 25 en el cual se llevar\u00e1 a cabo el taller de las 09:00 a las 15:00 horas.<\/p>\n<p>Los interesados podr\u00e1n registrarse pagando una cuota de recuperaci\u00f3n de 230 pesos, en las instalaciones del Colegio de Morelia, ubicadas en la avenida Guadalupe Victoria\u00a02225, colonia Lomas de Santiaguito.<\/p>\n","protected":false},"excerpt":{"rendered":"<p>Luego del \u00e9xito obtenido los pasados d\u00edas en los cuales el Ayuntamiento de Morelia a trav\u00e9s del Colegio de Morelia, puso a disposici\u00f3n de la ciudadan\u00eda el \u201cLaboratorio de Proyectos Culturales\u201d, actividad en la cual se impartieron a decenas de alumnos los conocimientos para gestionar, financiar y gestar proyectos de corte cultural y art\u00edstico, empoderando as\u00ed a este sector de la sociedad<\/p>\n","protected":false},"author":1,"featured_media":31675,"comment_status":"open","ping_status":"open","sticky":false,"template":"","format":"standard","meta":{"footnotes":""},"categories":[14,9],"tags":[],"class_list":["post-31674","post","type-post","status-publish","format-standard","has-post-thumbnail","hentry","category-destacadas","category-morelia"],"_links":{"self":[{"href":"https:\/\/radiowebmx.com\/nota\/wp-json\/wp\/v2\/posts\/31674","targetHints":{"allow":["GET"]}}],"collection":[{"href":"https:\/\/radiowebmx.com\/nota\/wp-json\/wp\/v2\/posts"}],"about":[{"href":"https:\/\/radiowebmx.com\/nota\/wp-json\/wp\/v2\/types\/post"}],"author":[{"embeddable":true,"href":"https:\/\/radiowebmx.com\/nota\/wp-json\/wp\/v2\/users\/1"}],"replies":[{"embeddable":true,"href":"https:\/\/radiowebmx.com\/nota\/wp-json\/wp\/v2\/comments?post=31674"}],"version-history":[{"count":1,"href":"https:\/\/radiowebmx.com\/nota\/wp-json\/wp\/v2\/posts\/31674\/revisions"}],"predecessor-version":[{"id":31676,"href":"https:\/\/radiowebmx.com\/nota\/wp-json\/wp\/v2\/posts\/31674\/revisions\/31676"}],"wp:featuredmedia":[{"embeddable":true,"href":"https:\/\/radiowebmx.com\/nota\/wp-json\/wp\/v2\/media\/31675"}],"wp:attachment":[{"href":"https:\/\/radiowebmx.com\/nota\/wp-json\/wp\/v2\/media?parent=31674"}],"wp:term":[{"taxonomy":"category","embeddable":true,"href":"https:\/\/radiowebmx.com\/nota\/wp-json\/wp\/v2\/categories?post=31674"},{"taxonomy":"post_tag","embeddable":true,"href":"https:\/\/radiowebmx.com\/nota\/wp-json\/wp\/v2\/tags?post=31674"}],"curies":[{"name":"wp","href":"https:\/\/api.w.org\/{rel}","templated":true}]}}