{"id":31663,"date":"2017-02-21T12:25:13","date_gmt":"2017-02-21T18:25:13","guid":{"rendered":"https:\/\/radiowebmx.com\/nota\/?p=31663"},"modified":"2017-02-21T12:25:13","modified_gmt":"2017-02-21T18:25:13","slug":"convoca-andrea-villanueva-a-conferencia-por-los-derechos-de-los-ninos-invisibles","status":"publish","type":"post","link":"https:\/\/radiowebmx.com\/nota\/convoca-andrea-villanueva-a-conferencia-por-los-derechos-de-los-ninos-invisibles\/","title":{"rendered":"Convoca Andrea Villanueva a conferencia por los derechos de los ni\u00f1os invisibles"},"content":{"rendered":"<p class=\"x_MsoNormal\"><img loading=\"lazy\" decoding=\"async\" class=\"alignleft size-full wp-image-31664\" src=\"https:\/\/radiowebmx.com\/nota\/wp-content\/uploads\/2017\/02\/thumbnail_Comunicado-234-2.jpg\" alt=\"thumbnail_Comunicado 234 (2)\" width=\"709\" height=\"472\" srcset=\"https:\/\/radiowebmx.com\/nota\/wp-content\/uploads\/2017\/02\/thumbnail_Comunicado-234-2.jpg 709w, https:\/\/radiowebmx.com\/nota\/wp-content\/uploads\/2017\/02\/thumbnail_Comunicado-234-2-300x200.jpg 300w\" sizes=\"auto, (max-width: 709px) 100vw, 709px\" \/><\/p>\n<p class=\"x_MsoNormal\">\n<p class=\"x_MsoNormal\"><b>Morelia; Michoac\u00e1n, 20 febrero de 201<\/b><b>7.-<\/b> \u00a0\u00a0\u00a0Con la finalidad de que tanto la sociedad como el Estado reconozcan los derechos fundamentales de los ni\u00f1os que viven con sus madres en la c\u00e1rcel, la diputada local Andrea Villanueva Cano, invit\u00f3 a todos los michoacanos a participar en la Conferencia Por los Derechos de los Ni\u00f1os Invisibles, impartida por la especialista y presidenta de la Asociaci\u00f3n Reinserta un Mexicano, Saskia Ni\u00f1o de Rivera.<\/p>\n<p class=\"x_MsoNormal\">En este sentido la representante del Distrito XVII de Morelia, dio a conocer que en Michoac\u00e1n existen 14 peque\u00f1os de entre 0 y 4 a\u00f1os que viven con sus madres en los reclusorios del interior del estado, quienes carecen de atenci\u00f3n m\u00e9dica suficiente e incluso en algunos casos hasta de un acta de nacimiento, por lo que Villanueva Cano reiter\u00f3 la urgencia de que en Michoac\u00e1n y en todo el pa\u00eds,\u00a0 se realicen las modificaciones legales necesarias para brindar la certeza y seguridad que merecen estos peque\u00f1os inocentes.<\/p>\n<p class=\"x_MsoNormal\">\n<p class=\"x_MsoNormal\">\u201cEs obligaci\u00f3n del Estado reconocer no s\u00f3lo su existencia, sino brindarles atenci\u00f3n m\u00e9dica oportuna, un entorno mucho m\u00e1s digno durante su estancia en las c\u00e1rceles; imaginemos que duermen junto con sus madres en camas de cemento, en celdas fr\u00edas y conviviendo con 5 o 6 reclusas; crecer en este ambiente no lo merece ning\u00fan ni\u00f1o\u201d, se\u00f1al\u00f3 la legisladora.<\/p>\n<p class=\"x_MsoNormal\">\n<p class=\"x_MsoNormal\">De lo anterior, la diputada panista invit\u00f3 a la sociedad en general a participar en la Conferencia Por los Derechos de los Ni\u00f1os Invisibles que impartir\u00e1 Saskia Ni\u00f1o de Rivera, presidenta de la Asociaci\u00f3n Reinserta. \u00c9sta se llevar\u00e1 a cabo en el Patio del Congreso del Estado de Michoac\u00e1n el pr\u00f3ximo lunes 27 de febrero, iniciando el registro a las 9 de la ma\u00f1ana.<\/p>\n<p class=\"x_MsoNormal\">\n<p class=\"x_MsoNormal\">Cabe se\u00f1alar que en noviembre del a\u00f1o pasado, Andrea Villanueva propuso diversas reformas a la Ley de los Derechos de las Ni\u00f1as, Ni\u00f1os y Adolescentes, as\u00ed como a la Ley de Asistencia Social del Estado de Michoac\u00e1n, las cuales permanecen en an\u00e1lisis y discusi\u00f3n de las Comisiones de Derechos Humanos, Justicia y J\u00f3venes y Deportes.<\/p>\n","protected":false},"excerpt":{"rendered":"<p>Con la finalidad de que tanto la sociedad como el Estado reconozcan los derechos fundamentales de los ni\u00f1os que viven con sus madres en la c\u00e1rcel, la diputada local Andrea Villanueva Cano, invit\u00f3 a todos los michoacanos a participar en la Conferencia Por los Derechos de los Ni\u00f1os Invisibles, impartida por la especialista y presidenta de la Asociaci\u00f3n Reinserta un Mexicano, Saskia Ni\u00f1o de Rivera.<\/p>\n","protected":false},"author":1,"featured_media":31664,"comment_status":"open","ping_status":"open","sticky":false,"template":"","format":"standard","meta":{"footnotes":""},"categories":[6,14,8],"tags":[],"class_list":["post-31663","post","type-post","status-publish","format-standard","has-post-thumbnail","hentry","category-congreso-del-estado","category-destacadas","category-grupo-parlamentario-del-pan"],"_links":{"self":[{"href":"https:\/\/radiowebmx.com\/nota\/wp-json\/wp\/v2\/posts\/31663","targetHints":{"allow":["GET"]}}],"collection":[{"href":"https:\/\/radiowebmx.com\/nota\/wp-json\/wp\/v2\/posts"}],"about":[{"href":"https:\/\/radiowebmx.com\/nota\/wp-json\/wp\/v2\/types\/post"}],"author":[{"embeddable":true,"href":"https:\/\/radiowebmx.com\/nota\/wp-json\/wp\/v2\/users\/1"}],"replies":[{"embeddable":true,"href":"https:\/\/radiowebmx.com\/nota\/wp-json\/wp\/v2\/comments?post=31663"}],"version-history":[{"count":1,"href":"https:\/\/radiowebmx.com\/nota\/wp-json\/wp\/v2\/posts\/31663\/revisions"}],"predecessor-version":[{"id":31665,"href":"https:\/\/radiowebmx.com\/nota\/wp-json\/wp\/v2\/posts\/31663\/revisions\/31665"}],"wp:featuredmedia":[{"embeddable":true,"href":"https:\/\/radiowebmx.com\/nota\/wp-json\/wp\/v2\/media\/31664"}],"wp:attachment":[{"href":"https:\/\/radiowebmx.com\/nota\/wp-json\/wp\/v2\/media?parent=31663"}],"wp:term":[{"taxonomy":"category","embeddable":true,"href":"https:\/\/radiowebmx.com\/nota\/wp-json\/wp\/v2\/categories?post=31663"},{"taxonomy":"post_tag","embeddable":true,"href":"https:\/\/radiowebmx.com\/nota\/wp-json\/wp\/v2\/tags?post=31663"}],"curies":[{"name":"wp","href":"https:\/\/api.w.org\/{rel}","templated":true}]}}