{"id":31651,"date":"2017-02-21T12:13:48","date_gmt":"2017-02-21T18:13:48","guid":{"rendered":"https:\/\/radiowebmx.com\/nota\/?p=31651"},"modified":"2017-02-21T12:13:48","modified_gmt":"2017-02-21T18:13:48","slug":"reconoce-wilfrido-lazaro-labor-del-ejercito-mexicano-para-restablecer-el-estado-de-derecho-en-michoacan","status":"publish","type":"post","link":"https:\/\/radiowebmx.com\/nota\/reconoce-wilfrido-lazaro-labor-del-ejercito-mexicano-para-restablecer-el-estado-de-derecho-en-michoacan\/","title":{"rendered":"Reconoce Wilfrido L\u00e1zaro labor del Ej\u00e9rcito Mexicano, para restablecer el Estado de Derecho en Michoac\u00e1n"},"content":{"rendered":"<p class=\"x_MsoNormal\"><img loading=\"lazy\" decoding=\"async\" class=\"alignleft size-full wp-image-31652\" src=\"https:\/\/radiowebmx.com\/nota\/wp-content\/uploads\/2017\/02\/thumbnail_Comunicado-227.jpg\" alt=\"thumbnail_Comunicado 227\" width=\"709\" height=\"1064\" srcset=\"https:\/\/radiowebmx.com\/nota\/wp-content\/uploads\/2017\/02\/thumbnail_Comunicado-227.jpg 709w, https:\/\/radiowebmx.com\/nota\/wp-content\/uploads\/2017\/02\/thumbnail_Comunicado-227-200x300.jpg 200w, https:\/\/radiowebmx.com\/nota\/wp-content\/uploads\/2017\/02\/thumbnail_Comunicado-227-682x1024.jpg 682w\" sizes=\"auto, (max-width: 709px) 100vw, 709px\" \/><\/p>\n<p class=\"x_MsoNormal\">\n<p class=\"x_MsoNormal\"><b>Morelia, Michoac\u00e1n, a 19 de febrero de 2017.-<\/b> En el marco de la conmemoraci\u00f3n del D\u00eda del Ej\u00e9rcito Mexicano, que se celebra este 19 de febrero, el diputado tricolor sostuvo que los miembros de esta honorable instituci\u00f3n han mantenido una lucha ardua para restablecer el Estado de Derecho en Michoac\u00e1n y en todo el pa\u00eds, \u00a0pero hizo un especial reconocimiento por la labor que han efectuado los \u00faltimos a\u00f1os en el estado.<\/p>\n<p class=\"x_MsoNormal\">Record\u00f3 que en los \u00faltimos a\u00f1os el n\u00famero de efectivos que ha arribado a la entidad, no solamente ha contribuido en la labor de seguridad en las \u00e1reas consideradas de mayor vulnerabilidad, como fue la zona de Tierra caliente y el Baj\u00edo michoacano, sino tambi\u00e9n ha realizado otras labores y actos de solidaridad a trav\u00e9s de la aplicaci\u00f3n del programa de DNIII que permite atender a familias en condiciones de vulnerabilidad, demostrando con ello un alto sentido humano y su solidaridad hacia los menos favorecidos.<\/p>\n<p class=\"x_MsoNormal\">\n<p class=\"x_MsoNormal\">El diputado del PRI destac\u00f3 la labor que ha hecho el Ej\u00e9rcito Mexicano a trav\u00e9s de la promoci\u00f3n de una cultura de la no violencia, con la campa\u00f1a de Canje de Armas de Fuego, que tan s\u00f3lo durante el periodo comprendido entre el 2011 al 2015 permiti\u00f3 recolectar aqu\u00ed en Michoac\u00e1n 2 mil 337 armas, mil 523 \u00a0cortas y \u00a0814 largas.<\/p>\n<p class=\"x_MsoNormal\">\n<p class=\"x_MsoNormal\">El diputado pri\u00edsta reconoci\u00f3 la labor coordinada con otras agrupaciones policiacas en el estado, como son los cuerpos de seguridad \u00a0estatal y \u00a0municipal, as\u00ed como la Polic\u00eda Federal, quienes han estado presentes en los momentos de mayor crisis de la entidad. Por ello dijo, es momento de reconocer la labor que se ha realizado a trav\u00e9s del Ej\u00e9rcito Mexicano que est\u00e9 19 de febrero conmemora su d\u00eda y tambi\u00e9n de la Marina que en d\u00edas pasados celebr\u00f3 su d\u00eda.<\/p>\n<p class=\"x_MsoNormal\">\n<p class=\"x_MsoNormal\">L\u00e1zaro Medina destac\u00f3 que tanto el Ej\u00e9rcito Mexicano como la Marina, son las instituciones m\u00e1s respetadas en el pa\u00eds, por ello reiter\u00f3 su reconocimiento a los grupos castrenses y asegur\u00f3 que se mantendr\u00e1 una coordinaci\u00f3n estrecha con los cuerpos militares con la finalidad de regresar la paz y tranquilidad al estado.<\/p>\n","protected":false},"excerpt":{"rendered":"<p>En el marco de la conmemoraci\u00f3n del D\u00eda del Ej\u00e9rcito Mexicano, que se celebra este 19 de febrero, el diputado tricolor sostuvo que los miembros de esta honorable instituci\u00f3n han mantenido una lucha ardua para restablecer el Estado de Derecho en Michoac\u00e1n y en todo el pa\u00eds,  pero hizo un especial reconocimiento por la labor que han efectuado los \u00faltimos a\u00f1os en el estado.<\/p>\n","protected":false},"author":1,"featured_media":31652,"comment_status":"open","ping_status":"open","sticky":false,"template":"","format":"standard","meta":{"footnotes":""},"categories":[6,14,7],"tags":[],"class_list":["post-31651","post","type-post","status-publish","format-standard","has-post-thumbnail","hentry","category-congreso-del-estado","category-destacadas","category-grupo-parlamentario-del-pri"],"_links":{"self":[{"href":"https:\/\/radiowebmx.com\/nota\/wp-json\/wp\/v2\/posts\/31651","targetHints":{"allow":["GET"]}}],"collection":[{"href":"https:\/\/radiowebmx.com\/nota\/wp-json\/wp\/v2\/posts"}],"about":[{"href":"https:\/\/radiowebmx.com\/nota\/wp-json\/wp\/v2\/types\/post"}],"author":[{"embeddable":true,"href":"https:\/\/radiowebmx.com\/nota\/wp-json\/wp\/v2\/users\/1"}],"replies":[{"embeddable":true,"href":"https:\/\/radiowebmx.com\/nota\/wp-json\/wp\/v2\/comments?post=31651"}],"version-history":[{"count":1,"href":"https:\/\/radiowebmx.com\/nota\/wp-json\/wp\/v2\/posts\/31651\/revisions"}],"predecessor-version":[{"id":31653,"href":"https:\/\/radiowebmx.com\/nota\/wp-json\/wp\/v2\/posts\/31651\/revisions\/31653"}],"wp:featuredmedia":[{"embeddable":true,"href":"https:\/\/radiowebmx.com\/nota\/wp-json\/wp\/v2\/media\/31652"}],"wp:attachment":[{"href":"https:\/\/radiowebmx.com\/nota\/wp-json\/wp\/v2\/media?parent=31651"}],"wp:term":[{"taxonomy":"category","embeddable":true,"href":"https:\/\/radiowebmx.com\/nota\/wp-json\/wp\/v2\/categories?post=31651"},{"taxonomy":"post_tag","embeddable":true,"href":"https:\/\/radiowebmx.com\/nota\/wp-json\/wp\/v2\/tags?post=31651"}],"curies":[{"name":"wp","href":"https:\/\/api.w.org\/{rel}","templated":true}]}}