{"id":31464,"date":"2017-02-17T11:23:52","date_gmt":"2017-02-17T17:23:52","guid":{"rendered":"https:\/\/radiowebmx.com\/nota\/?p=31464"},"modified":"2017-02-17T11:23:52","modified_gmt":"2017-02-17T17:23:52","slug":"asiste-gobernador-al-40-aniversario-del-consejo-coordinador-empresarial","status":"publish","type":"post","link":"https:\/\/radiowebmx.com\/nota\/asiste-gobernador-al-40-aniversario-del-consejo-coordinador-empresarial\/","title":{"rendered":"Asiste Gobernador al 40 aniversario del Consejo Coordinador Empresarial"},"content":{"rendered":"<p><img loading=\"lazy\" decoding=\"async\" class=\"alignleft size-full wp-image-31465\" src=\"https:\/\/radiowebmx.com\/nota\/wp-content\/uploads\/2017\/02\/12d848d2-fd59-40d0-afca-93be938863bb.jpeg\" alt=\"12d848d2-fd59-40d0-afca-93be938863bb\" width=\"709\" height=\"392\" srcset=\"https:\/\/radiowebmx.com\/nota\/wp-content\/uploads\/2017\/02\/12d848d2-fd59-40d0-afca-93be938863bb.jpeg 709w, https:\/\/radiowebmx.com\/nota\/wp-content\/uploads\/2017\/02\/12d848d2-fd59-40d0-afca-93be938863bb-300x166.jpeg 300w, https:\/\/radiowebmx.com\/nota\/wp-content\/uploads\/2017\/02\/12d848d2-fd59-40d0-afca-93be938863bb-284x158.jpeg 284w, https:\/\/radiowebmx.com\/nota\/wp-content\/uploads\/2017\/02\/12d848d2-fd59-40d0-afca-93be938863bb-128x72.jpeg 128w\" sizes=\"auto, (max-width: 709px) 100vw, 709px\" \/><\/p>\n<p>&nbsp;<\/p>\n<p><strong>Ciudad de M\u00e9xico, a 16 de febrero de 2017.- <\/strong>La coordinaci\u00f3n del Gobierno del Estado y la iniciativa privada es trascendental para crear las sinergias que permitan consolidar proyectos para generar m\u00e1s y mejores empleos que mejoren las condiciones de vida de las y los michoacanos, sostuvo el Gobernador Constitucional Silvano Aureoles Conejo al acudir a la ceremonia con motivo del 40 aniversario y 34 Asamblea General Ordinaria del Consejo Coordinador Empresarial (CCE).<\/p>\n<p>&nbsp;<\/p>\n<p>En el evento, el Presidente Enrique Pe\u00f1a Nieto tom\u00f3 protesta a Juan Pablo Casta\u00f1\u00f3n Casta\u00f1\u00f3n como presidente del CCE para el periodo 2017-2018 y manifest\u00f3 que dicho Consejo, ante los retos que presenta el pa\u00eds, est\u00e1 llamado a defender e impulsar el progreso de M\u00e9xico.<\/p>\n<p>&nbsp;<\/p>\n<p>En tanto que Juan Pablo Casta\u00f1\u00f3n se\u00f1al\u00f3 que ante el panorama que enfrenta M\u00e9xico se requiere de la unidad, por lo que present\u00f3 la iniciativa Acci\u00f3n por M\u00e9xico, estrategia integral que busca generar y distribuir la riqueza en la pr\u00f3xima d\u00e9cada, y con base en la cual se pretende invertir durante el presente a\u00f1o 3.5 billones de pesos.<\/p>\n<p>&nbsp;<\/p>\n<p>Asimismo, a nombre de los empresarios, hizo un llamado a que los tres \u00f3rdenes de gobierno hagan un esfuerzo para reducir el gasto p\u00fablico.<\/p>\n<p>&nbsp;<\/p>\n<p>Sobre ese tema, el mandatario michoacano record\u00f3 que el pasado 16 de enero present\u00f3 el Acuerdo del Ajuste en el Gasto P\u00fablico y Eficiencia en el Gobierno para Fortalecer la Econom\u00eda y las Finanzas P\u00fablicas del Estado, que se compone de cuatro ejes: Gasto responsable y eficiente, Fomento al consumo local, Empleo y desarrollo econ\u00f3mico, y Transporte y movilidad.<\/p>\n<p>&nbsp;<\/p>\n<p>En esta asamblea tambi\u00e9n estuvieron presentes los secretarios de Gobernaci\u00f3n y de Econom\u00eda, Miguel \u00c1ngel Osorio Chong e Ildefonso Guajardo Villareal, respectivamente; el presidente de la Mesa Directiva de la C\u00e1mara de Senadores, Pablo Escudero Morales; la vicepresidenta de la C\u00e1mara de Diputados, Gloria Imelda F\u00e9lix Niebla; el mandatario de Morelos y presidente de la Conferencia Nacional de Gobernadores, Graco Ram\u00edrez Garrido Abreu; el jefe de Gobierno de la Ciudad de M\u00e9xico, Miguel \u00c1ngel Mancera Espinoza, as\u00ed como diversas autoridades.<\/p>\n","protected":false},"excerpt":{"rendered":"<p>La coordinaci\u00f3n del Gobierno del Estado y la iniciativa privada es trascendental para crear las sinergias que permitan consolidar proyectos para generar m\u00e1s y mejores empleos que mejoren las condiciones de vida de las y los michoacanos, sostuvo el Gobernador Constitucional Silvano Aureoles Conejo al acudir a la ceremonia con motivo del 40 aniversario y 34 Asamblea General Ordinaria del Consejo Coordinador Empresarial (CCE).<\/p>\n","protected":false},"author":1,"featured_media":31465,"comment_status":"open","ping_status":"open","sticky":false,"template":"","format":"standard","meta":{"footnotes":""},"categories":[14,3],"tags":[],"class_list":["post-31464","post","type-post","status-publish","format-standard","has-post-thumbnail","hentry","category-destacadas","category-gobierno-del-estado-de-michoacan"],"_links":{"self":[{"href":"https:\/\/radiowebmx.com\/nota\/wp-json\/wp\/v2\/posts\/31464","targetHints":{"allow":["GET"]}}],"collection":[{"href":"https:\/\/radiowebmx.com\/nota\/wp-json\/wp\/v2\/posts"}],"about":[{"href":"https:\/\/radiowebmx.com\/nota\/wp-json\/wp\/v2\/types\/post"}],"author":[{"embeddable":true,"href":"https:\/\/radiowebmx.com\/nota\/wp-json\/wp\/v2\/users\/1"}],"replies":[{"embeddable":true,"href":"https:\/\/radiowebmx.com\/nota\/wp-json\/wp\/v2\/comments?post=31464"}],"version-history":[{"count":1,"href":"https:\/\/radiowebmx.com\/nota\/wp-json\/wp\/v2\/posts\/31464\/revisions"}],"predecessor-version":[{"id":31466,"href":"https:\/\/radiowebmx.com\/nota\/wp-json\/wp\/v2\/posts\/31464\/revisions\/31466"}],"wp:featuredmedia":[{"embeddable":true,"href":"https:\/\/radiowebmx.com\/nota\/wp-json\/wp\/v2\/media\/31465"}],"wp:attachment":[{"href":"https:\/\/radiowebmx.com\/nota\/wp-json\/wp\/v2\/media?parent=31464"}],"wp:term":[{"taxonomy":"category","embeddable":true,"href":"https:\/\/radiowebmx.com\/nota\/wp-json\/wp\/v2\/categories?post=31464"},{"taxonomy":"post_tag","embeddable":true,"href":"https:\/\/radiowebmx.com\/nota\/wp-json\/wp\/v2\/tags?post=31464"}],"curies":[{"name":"wp","href":"https:\/\/api.w.org\/{rel}","templated":true}]}}