{"id":31461,"date":"2017-02-17T11:21:59","date_gmt":"2017-02-17T17:21:59","guid":{"rendered":"https:\/\/radiowebmx.com\/nota\/?p=31461"},"modified":"2017-02-17T11:21:59","modified_gmt":"2017-02-17T17:21:59","slug":"peatonalizacion-del-centro-historico-posiciona-a-morelia-como-ciudad-modelo-en-movilidad","status":"publish","type":"post","link":"https:\/\/radiowebmx.com\/nota\/peatonalizacion-del-centro-historico-posiciona-a-morelia-como-ciudad-modelo-en-movilidad\/","title":{"rendered":"Peatonalizaci\u00f3n del Centro Hist\u00f3rico posiciona a Morelia como ciudad modelo en movilidad"},"content":{"rendered":"<p><img loading=\"lazy\" decoding=\"async\" class=\"alignleft size-full wp-image-31462\" src=\"https:\/\/radiowebmx.com\/nota\/wp-content\/uploads\/2017\/02\/a978d85a-205e-4044-a38b-9c741ca5037f.jpeg\" alt=\"a978d85a-205e-4044-a38b-9c741ca5037f\" width=\"709\" height=\"394\" srcset=\"https:\/\/radiowebmx.com\/nota\/wp-content\/uploads\/2017\/02\/a978d85a-205e-4044-a38b-9c741ca5037f.jpeg 709w, https:\/\/radiowebmx.com\/nota\/wp-content\/uploads\/2017\/02\/a978d85a-205e-4044-a38b-9c741ca5037f-300x167.jpeg 300w, https:\/\/radiowebmx.com\/nota\/wp-content\/uploads\/2017\/02\/a978d85a-205e-4044-a38b-9c741ca5037f-284x158.jpeg 284w, https:\/\/radiowebmx.com\/nota\/wp-content\/uploads\/2017\/02\/a978d85a-205e-4044-a38b-9c741ca5037f-128x72.jpeg 128w\" sizes=\"auto, (max-width: 709px) 100vw, 709px\" \/><\/p>\n<p>&nbsp;<\/p>\n<p>Con la primera etapa de la Peatonalizaci\u00f3n del Centro Hist\u00f3rico, Morelia dar\u00e1 un paso sin precedentes en la consolidaci\u00f3n de una ciudad en armon\u00eda con las nuevas pol\u00edticas de movilidad, posicionando al peat\u00f3n y a los usuarios de los medios alternativos del transporte como protagonistas del espacio p\u00fablico, afirm\u00f3 el Presidente Municipal, Alfonso Mart\u00ednez Alc\u00e1zar.<\/p>\n<p>En v\u00edsperas del inicio de los trabajos de este magno proyecto, subray\u00f3 que para la Administraci\u00f3n que encabeza, es una prioridad aterrizar planes a largo plazo considerando tres premisas fundamentales: la movilidad urbana, la sustentabilidad y la reactivaci\u00f3n econ\u00f3mica, con miras a dejar bases s\u00f3lidas que promuevan el desarrollo del municipio en todos los \u00e1mbitos.<\/p>\n<p>Bajo este contexto y tras recordar que la peatonalizaci\u00f3n forma parte del Plan de Gran Visi\u00f3n Morelia NExT, Mart\u00ednez Alc\u00e1zar, precis\u00f3 que este proyecto \u201cde gran calado\u201d, contempla adem\u00e1s de la expansi\u00f3n de las calles del Primer Cuadro de la ciudad, una serie de componentes como la articulaci\u00f3n con el sistema de transporte p\u00fablico, la organizaci\u00f3n de comerciantes del sector y la instalaci\u00f3n de mobiliario urbano.<\/p>\n<p>\u201cEste ser\u00e1 tan solo el primer paso para convertir a Morelia, en una ciudad modelo de movilidad urbana, donde se privilegiar\u00e1n a los transe\u00fantes y personas con discapacidad, de tal manera que su circulaci\u00f3n sea m\u00e1s c\u00f3moda y segura; pero para lograr que este plan sea un \u00e9xito requerimos tambi\u00e9n modificar ciertos detalles que permitan transitar a esta nueva etapa de la democratizaci\u00f3n del espacio p\u00fablico\u201d, explic\u00f3.<\/p>\n<p>El Alcalde, indic\u00f3 que derivado de lo anterior, el Gobierno Municipal cuenta con una planeaci\u00f3n estrat\u00e9gica, con la intenci\u00f3n de que sea paulatina la peatonalizaci\u00f3n y generar las menores afectaciones posibles a la ciudadan\u00eda.<\/p>\n<p>De esta forma, a\u00f1adi\u00f3, la primera etapa vislumbra la intervenci\u00f3n de 7 calles: la ampliaci\u00f3n de banquetas y mejoramiento de cruces peatonales en las vialidades Eduardo Ru\u00edz, Valent\u00edn G\u00f3mez Far\u00edas y Santiago Tapia; la peatonalizaci\u00f3n parcial de las calles Miguel Bernal Jim\u00e9nez, Zaragoza y Benito Ju\u00e1rez, as\u00ed como la peatonalizaci\u00f3n total de Nigromante.<\/p>\n<p>El Jefe de la Comuna Moreliana, record\u00f3 que el objetivo, es que se construya un primer circuito peatonal que va de la Antigua Central de Autobuses hasta la Catedral de Morelia, reactivando as\u00ed la zona norponiente del coraz\u00f3n de la capital.<\/p>\n<p>Para finalizar, Alfonso Mart\u00ednez menciono, que \u201cse trata de un proyecto clave en la ciudad, que requiere de la colaboraci\u00f3n de todos, para juntos lograr cambiar poco a poco la movilidad urbana en el municipio, detonando adem\u00e1s las bellezas arquitect\u00f3nicas y la proyecci\u00f3n tur\u00edstica de Morelia\u201d.<\/p>\n","protected":false},"excerpt":{"rendered":"<p>Con la primera etapa de la Peatonalizaci\u00f3n del Centro Hist\u00f3rico, Morelia dar\u00e1 un paso sin precedentes en la consolidaci\u00f3n de una ciudad en armon\u00eda con las nuevas pol\u00edticas de movilidad, posicionando al peat\u00f3n y a los usuarios de los medios alternativos del transporte como protagonistas del espacio p\u00fablico, afirm\u00f3 el Presidente Municipal, Alfonso Mart\u00ednez Alc\u00e1zar.<\/p>\n","protected":false},"author":1,"featured_media":31462,"comment_status":"open","ping_status":"open","sticky":false,"template":"","format":"standard","meta":{"footnotes":""},"categories":[14,3],"tags":[],"class_list":["post-31461","post","type-post","status-publish","format-standard","has-post-thumbnail","hentry","category-destacadas","category-gobierno-del-estado-de-michoacan"],"_links":{"self":[{"href":"https:\/\/radiowebmx.com\/nota\/wp-json\/wp\/v2\/posts\/31461","targetHints":{"allow":["GET"]}}],"collection":[{"href":"https:\/\/radiowebmx.com\/nota\/wp-json\/wp\/v2\/posts"}],"about":[{"href":"https:\/\/radiowebmx.com\/nota\/wp-json\/wp\/v2\/types\/post"}],"author":[{"embeddable":true,"href":"https:\/\/radiowebmx.com\/nota\/wp-json\/wp\/v2\/users\/1"}],"replies":[{"embeddable":true,"href":"https:\/\/radiowebmx.com\/nota\/wp-json\/wp\/v2\/comments?post=31461"}],"version-history":[{"count":1,"href":"https:\/\/radiowebmx.com\/nota\/wp-json\/wp\/v2\/posts\/31461\/revisions"}],"predecessor-version":[{"id":31463,"href":"https:\/\/radiowebmx.com\/nota\/wp-json\/wp\/v2\/posts\/31461\/revisions\/31463"}],"wp:featuredmedia":[{"embeddable":true,"href":"https:\/\/radiowebmx.com\/nota\/wp-json\/wp\/v2\/media\/31462"}],"wp:attachment":[{"href":"https:\/\/radiowebmx.com\/nota\/wp-json\/wp\/v2\/media?parent=31461"}],"wp:term":[{"taxonomy":"category","embeddable":true,"href":"https:\/\/radiowebmx.com\/nota\/wp-json\/wp\/v2\/categories?post=31461"},{"taxonomy":"post_tag","embeddable":true,"href":"https:\/\/radiowebmx.com\/nota\/wp-json\/wp\/v2\/tags?post=31461"}],"curies":[{"name":"wp","href":"https:\/\/api.w.org\/{rel}","templated":true}]}}