{"id":31458,"date":"2017-02-17T11:17:51","date_gmt":"2017-02-17T17:17:51","guid":{"rendered":"https:\/\/radiowebmx.com\/nota\/?p=31458"},"modified":"2017-02-17T11:17:51","modified_gmt":"2017-02-17T17:17:51","slug":"policia-de-morelia-imparte-platicas-contra-el-bullying-escolar","status":"publish","type":"post","link":"https:\/\/radiowebmx.com\/nota\/policia-de-morelia-imparte-platicas-contra-el-bullying-escolar\/","title":{"rendered":"Polic\u00eda de Morelia imparte pl\u00e1ticas contra el bullying escolar"},"content":{"rendered":"<p><img loading=\"lazy\" decoding=\"async\" class=\"alignleft size-full wp-image-31459\" src=\"https:\/\/radiowebmx.com\/nota\/wp-content\/uploads\/2017\/02\/a9ae36a7-c161-411b-9e00-5c5545287e30.jpeg\" alt=\"a9ae36a7-c161-411b-9e00-5c5545287e30\" width=\"709\" height=\"531\" srcset=\"https:\/\/radiowebmx.com\/nota\/wp-content\/uploads\/2017\/02\/a9ae36a7-c161-411b-9e00-5c5545287e30.jpeg 709w, https:\/\/radiowebmx.com\/nota\/wp-content\/uploads\/2017\/02\/a9ae36a7-c161-411b-9e00-5c5545287e30-300x225.jpeg 300w\" sizes=\"auto, (max-width: 709px) 100vw, 709px\" \/><\/p>\n<p>&nbsp;<\/p>\n<p>El Ayuntamiento de Morelia que encabeza el Alcalde, Alfonso Mart\u00ednez Alc\u00e1zar, a trav\u00e9s de la Polic\u00eda de Morelia, promueve estrategias para disminuir los casos de bullying escolar y establecer un ambiente de respeto al interior de los planteles educativos.<\/p>\n<p>Bajo este tenor, elementos de la Polic\u00eda de Morelia impartieron una pl\u00e1tica acerca del bullying a alumnos de 4\u00ba, 5\u00ba y 6\u00ba grado de la Escuela Primaria \u201cMariano Jim\u00e9nez\u201d, ubicada en la calle Manuel Medina en la Colonia las Jacarandas.<\/p>\n<p>Esta actividad obedece a la necesidad de prever cualquier incidente que derive en conductas que atenten contra la seguridad de los estudiantes o incluso contra ellos mismos, al no tener las herramientas adecuadas para manejar un conflicto de este tipo.<\/p>\n<p>De esta forma, la Polic\u00eda de Morelia reforz\u00f3 las acciones en contra del bullyng escolar a trav\u00e9s de estas conferencias, en las cuales, los oficiales y estudiantes intercambiaron experiencias, asimismo, fue proyectado un video alusivo al tema, para reforzar las medidas para evitar la violencia en las escuelas.<\/p>\n<p>Las pl\u00e1ticas continuar\u00e1n con el resto de los estudiantes y se impartir\u00e1n tambi\u00e9n a los padres de familia, para que sean part\u00edcipes en la educaci\u00f3n de los ni\u00f1os.<\/p>\n<p>Con esta medida, el Ayuntamiento de Morelia refrenda su compromiso para disminuir la violencia en el interior de las escuelas, a trav\u00e9s de encuentros que pongan en perspectiva a los alumnos de las consecuencias que pueden traer estas conductas.<\/p>\n","protected":false},"excerpt":{"rendered":"<p>El Ayuntamiento de Morelia que encabeza el Alcalde, Alfonso Mart\u00ednez Alc\u00e1zar, a trav\u00e9s de la Polic\u00eda de Morelia, promueve estrategias para disminuir los casos de bullying escolar y establecer un ambiente de respeto al interior de los planteles educativos.<\/p>\n","protected":false},"author":1,"featured_media":31459,"comment_status":"open","ping_status":"open","sticky":false,"template":"","format":"standard","meta":{"footnotes":""},"categories":[14,9],"tags":[],"class_list":["post-31458","post","type-post","status-publish","format-standard","has-post-thumbnail","hentry","category-destacadas","category-morelia"],"_links":{"self":[{"href":"https:\/\/radiowebmx.com\/nota\/wp-json\/wp\/v2\/posts\/31458","targetHints":{"allow":["GET"]}}],"collection":[{"href":"https:\/\/radiowebmx.com\/nota\/wp-json\/wp\/v2\/posts"}],"about":[{"href":"https:\/\/radiowebmx.com\/nota\/wp-json\/wp\/v2\/types\/post"}],"author":[{"embeddable":true,"href":"https:\/\/radiowebmx.com\/nota\/wp-json\/wp\/v2\/users\/1"}],"replies":[{"embeddable":true,"href":"https:\/\/radiowebmx.com\/nota\/wp-json\/wp\/v2\/comments?post=31458"}],"version-history":[{"count":1,"href":"https:\/\/radiowebmx.com\/nota\/wp-json\/wp\/v2\/posts\/31458\/revisions"}],"predecessor-version":[{"id":31460,"href":"https:\/\/radiowebmx.com\/nota\/wp-json\/wp\/v2\/posts\/31458\/revisions\/31460"}],"wp:featuredmedia":[{"embeddable":true,"href":"https:\/\/radiowebmx.com\/nota\/wp-json\/wp\/v2\/media\/31459"}],"wp:attachment":[{"href":"https:\/\/radiowebmx.com\/nota\/wp-json\/wp\/v2\/media?parent=31458"}],"wp:term":[{"taxonomy":"category","embeddable":true,"href":"https:\/\/radiowebmx.com\/nota\/wp-json\/wp\/v2\/categories?post=31458"},{"taxonomy":"post_tag","embeddable":true,"href":"https:\/\/radiowebmx.com\/nota\/wp-json\/wp\/v2\/tags?post=31458"}],"curies":[{"name":"wp","href":"https:\/\/api.w.org\/{rel}","templated":true}]}}