{"id":31455,"date":"2017-02-17T11:14:07","date_gmt":"2017-02-17T17:14:07","guid":{"rendered":"https:\/\/radiowebmx.com\/nota\/?p=31455"},"modified":"2017-02-17T11:14:07","modified_gmt":"2017-02-17T17:14:07","slug":"aumenta-el-turismo-y-la-derrama-economica-en-michoacan-sectur","status":"publish","type":"post","link":"https:\/\/radiowebmx.com\/nota\/aumenta-el-turismo-y-la-derrama-economica-en-michoacan-sectur\/","title":{"rendered":"Aumenta el turismo y la derrama econ\u00f3mica en Michoac\u00e1n: Sectur"},"content":{"rendered":"<p><img loading=\"lazy\" decoding=\"async\" class=\"alignleft size-full wp-image-31456\" src=\"https:\/\/radiowebmx.com\/nota\/wp-content\/uploads\/2017\/02\/83d2687c-545a-422d-8d51-7bdd4413d535.jpg\" alt=\"83d2687c-545a-422d-8d51-7bdd4413d535\" width=\"709\" height=\"471\" srcset=\"https:\/\/radiowebmx.com\/nota\/wp-content\/uploads\/2017\/02\/83d2687c-545a-422d-8d51-7bdd4413d535.jpg 709w, https:\/\/radiowebmx.com\/nota\/wp-content\/uploads\/2017\/02\/83d2687c-545a-422d-8d51-7bdd4413d535-300x199.jpg 300w\" sizes=\"auto, (max-width: 709px) 100vw, 709px\" \/><\/p>\n<p>&nbsp;<\/p>\n<p><strong>Morelia, Michoac\u00e1n, a 16 de febrero de 2017.-<\/strong>\u00a0Durante las primeras semanas del a\u00f1o, Michoac\u00e1n ha registrado un incremento en la afluencia de turistas y visitantes y en derrama econ\u00f3mica respecto al mismo periodo de 2016, inform\u00f3 la titular de la Secretar\u00eda de Turismo (Sectur) estatal, Claudia Ch\u00e1vez L\u00f3pez.<\/p>\n<p>&nbsp;<\/p>\n<p>Detall\u00f3 que de acuerdo con datos del Perfil del Turista (Perfitur) que arriba a Michoac\u00e1n, del 4 de enero al 7 de febrero de 2017 el estado ha recibido a 630 mil 628 turistas y visitantes, lo que representa un incremento global del 3 por ciento en relaci\u00f3n a las primeras semanas del a\u00f1o pasado.<\/p>\n<p>&nbsp;<\/p>\n<p>La derrama econ\u00f3mica generada durante el periodo de referencia es de 746 millones 533 mil pesos, es decir, 3.9 por ciento m\u00e1s que en 2016.<\/p>\n<p>&nbsp;<\/p>\n<p>De acuerdo con el Perfitur, durante las primeras semanas del a\u00f1o arribaron a la regi\u00f3n Morelia 234 mil 125 turistas y visitantes; a Uruapan-Apatzing\u00e1n, 103 mil 679; P\u00e1tzcuaro, 100 mil 835; Zamora, 58 mil 447; la Costa, 67 mil 179; y al Pa\u00eds de la Monarca, 66 mil 363.<\/p>\n<p>&nbsp;<\/p>\n<p>La titular de la\u00a0Sectur\u00a0Michoac\u00e1n reconoci\u00f3 el trabajo transversal que realizan dependencias de la administraci\u00f3n estatal, que encabeza el Gobernador Silvano Aureoles Conejo, en conjunto con la Federaci\u00f3n y los Ayuntamientos para promocionar a la entidad como un destino tur\u00edstico con grandes atractivos, seguro y confiable para los turistas y visitantes.<\/p>\n<p>&nbsp;<\/p>\n<p>Por \u00faltimo, hizo hincapi\u00e9 en la importancia de que los tres \u00f3rdenes de gobierno y los prestadores de servicios tur\u00edsticos se sumen en una Campa\u00f1a Integral de Promoci\u00f3n para seguir posicionando al estado como l\u00edder de turismo interior en M\u00e9xico.<\/p>\n","protected":false},"excerpt":{"rendered":"<p>Durante las primeras semanas del a\u00f1o, Michoac\u00e1n ha registrado un incremento en la afluencia de turistas y visitantes y en derrama econ\u00f3mica respecto al mismo periodo de 2016, inform\u00f3 la titular de la Secretar\u00eda de Turismo (Sectur) estatal, Claudia Ch\u00e1vez L\u00f3pez.<\/p>\n","protected":false},"author":1,"featured_media":31456,"comment_status":"open","ping_status":"open","sticky":false,"template":"","format":"standard","meta":{"footnotes":""},"categories":[14,3],"tags":[],"class_list":["post-31455","post","type-post","status-publish","format-standard","has-post-thumbnail","hentry","category-destacadas","category-gobierno-del-estado-de-michoacan"],"_links":{"self":[{"href":"https:\/\/radiowebmx.com\/nota\/wp-json\/wp\/v2\/posts\/31455","targetHints":{"allow":["GET"]}}],"collection":[{"href":"https:\/\/radiowebmx.com\/nota\/wp-json\/wp\/v2\/posts"}],"about":[{"href":"https:\/\/radiowebmx.com\/nota\/wp-json\/wp\/v2\/types\/post"}],"author":[{"embeddable":true,"href":"https:\/\/radiowebmx.com\/nota\/wp-json\/wp\/v2\/users\/1"}],"replies":[{"embeddable":true,"href":"https:\/\/radiowebmx.com\/nota\/wp-json\/wp\/v2\/comments?post=31455"}],"version-history":[{"count":1,"href":"https:\/\/radiowebmx.com\/nota\/wp-json\/wp\/v2\/posts\/31455\/revisions"}],"predecessor-version":[{"id":31457,"href":"https:\/\/radiowebmx.com\/nota\/wp-json\/wp\/v2\/posts\/31455\/revisions\/31457"}],"wp:featuredmedia":[{"embeddable":true,"href":"https:\/\/radiowebmx.com\/nota\/wp-json\/wp\/v2\/media\/31456"}],"wp:attachment":[{"href":"https:\/\/radiowebmx.com\/nota\/wp-json\/wp\/v2\/media?parent=31455"}],"wp:term":[{"taxonomy":"category","embeddable":true,"href":"https:\/\/radiowebmx.com\/nota\/wp-json\/wp\/v2\/categories?post=31455"},{"taxonomy":"post_tag","embeddable":true,"href":"https:\/\/radiowebmx.com\/nota\/wp-json\/wp\/v2\/tags?post=31455"}],"curies":[{"name":"wp","href":"https:\/\/api.w.org\/{rel}","templated":true}]}}