{"id":31452,"date":"2017-02-17T11:12:40","date_gmt":"2017-02-17T17:12:40","guid":{"rendered":"https:\/\/radiowebmx.com\/nota\/?p=31452"},"modified":"2017-02-17T11:12:40","modified_gmt":"2017-02-17T17:12:40","slug":"ayuntamiento-de-morelia-promueve-la-transparencia-y-la-rendicion-de-cuentas","status":"publish","type":"post","link":"https:\/\/radiowebmx.com\/nota\/ayuntamiento-de-morelia-promueve-la-transparencia-y-la-rendicion-de-cuentas\/","title":{"rendered":"Ayuntamiento de Morelia promueve la transparencia y la rendici\u00f3n de cuentas"},"content":{"rendered":"<p><img loading=\"lazy\" decoding=\"async\" class=\"alignleft size-full wp-image-31453\" src=\"https:\/\/radiowebmx.com\/nota\/wp-content\/uploads\/2017\/02\/b88eb9d7-db0d-4011-813e-1ce5b552152c.jpeg\" alt=\"b88eb9d7-db0d-4011-813e-1ce5b552152c\" width=\"709\" height=\"472\" srcset=\"https:\/\/radiowebmx.com\/nota\/wp-content\/uploads\/2017\/02\/b88eb9d7-db0d-4011-813e-1ce5b552152c.jpeg 709w, https:\/\/radiowebmx.com\/nota\/wp-content\/uploads\/2017\/02\/b88eb9d7-db0d-4011-813e-1ce5b552152c-300x200.jpeg 300w\" sizes=\"auto, (max-width: 709px) 100vw, 709px\" \/><\/p>\n<p>&nbsp;<\/p>\n<p>La transparencia y la rendici\u00f3n de cuentas son elementos pilares sobre los cuales se cimenta la Administraci\u00f3n que encabeza el Presidente Municipal, Alfonso Mart\u00ednez Alc\u00e1zar, quien desde su trinchera ha impulsado programas y medidas para dar a conocer a la ciudadan\u00eda el destino de los recursos p\u00fablicos y las acciones implementadas en beneficio de los morelianos.<\/p>\n<p>En sincron\u00eda con estas acciones, el Centro Municipal de Informaci\u00f3n P\u00fablica puso en marcha este jueves la primera Jornada del programa \u00abConoce tu Ayuntamiento\u00bb, con la cual se pretende que diversos sectores de la ciudadan\u00eda tengan un espacio de participaci\u00f3n con actores municipales, para tocar diversos temas de importancia, orientados a conocer las acciones implementadas por el Gobierno municipal.<\/p>\n<p>En su primera Jornada, el programa fue engalanado con la presencia del Regidor Fernando Rodr\u00edguez Herrej\u00f3n, quien charl\u00f3 con j\u00f3venes universitarios acerca de la importancia de la transparencia y rendici\u00f3n de cuentas de parte de los Gobiernos hacia la ciudadan\u00eda, y el papel preponderante que deben jugar los ciudadanos involucr\u00e1ndose en estos temas.<\/p>\n<p>En las instalaciones del Colegio de Morelia y con la participaci\u00f3n de alumnos de centros educativos como la Universidad Interamericana Para el Desarrollo (UNID), Universidad Latina de Am\u00e9rica y Universidad Vasco de Quiroga, Rodr\u00edguez Herrej\u00f3n se mostr\u00f3 complacido al resolver las dudas de los j\u00f3venes en temas como ayuda a los sectores desfavorecidos econ\u00f3micamente, transparencia al gobernar, los trabajos realizados en las diversas Comisiones en que participan, como el impulso a portales de Internet con la informaci\u00f3n de las acciones realizadas por el Cabildo, y el auxilio a personas con capacidades diferentes.<\/p>\n<p>\u201cMe parece que debemos preparar a los estudiantes a que formen parte activa de la Administraci\u00f3n, porque estoy convencido de que nosotros no podemos solos, requerimos una vinculaci\u00f3n directa con los ciudadanos\u201d, destac\u00f3 el Regidor.<\/p>\n<p>Por su parte, Lorena Higareda Maga\u00f1a, Directora del Centro Municipal de Informaci\u00f3n P\u00fablica, dijo que se tiene proyectado realizar las ediciones del programa de manera mensual, planeando la siguiente conferencia para el mes de marzo.<\/p>\n<p>Agrego que su dependencia aspira a que estas pl\u00e1ticas tengan tem\u00e1ticas dirigidas no solo a j\u00f3venes universitarios, sino a todos los sectores de la sociedad abarcando desde ni\u00f1os hasta adultos de todas las edades, poniendo al tanto as\u00ed a la poblaci\u00f3n, de todos los detalles y aspectos que realiza la Administraci\u00f3n Municipal.<\/p>\n","protected":false},"excerpt":{"rendered":"<p>La transparencia y la rendici\u00f3n de cuentas son elementos pilares sobre los cuales se cimenta la Administraci\u00f3n que encabeza el Presidente Municipal, Alfonso Mart\u00ednez Alc\u00e1zar, quien desde su trinchera ha impulsado programas y medidas para dar a conocer a la ciudadan\u00eda el destino de los recursos p\u00fablicos y las acciones implementadas en beneficio de los morelianos.<\/p>\n","protected":false},"author":1,"featured_media":31453,"comment_status":"open","ping_status":"open","sticky":false,"template":"","format":"standard","meta":{"footnotes":""},"categories":[14,9],"tags":[],"class_list":["post-31452","post","type-post","status-publish","format-standard","has-post-thumbnail","hentry","category-destacadas","category-morelia"],"_links":{"self":[{"href":"https:\/\/radiowebmx.com\/nota\/wp-json\/wp\/v2\/posts\/31452","targetHints":{"allow":["GET"]}}],"collection":[{"href":"https:\/\/radiowebmx.com\/nota\/wp-json\/wp\/v2\/posts"}],"about":[{"href":"https:\/\/radiowebmx.com\/nota\/wp-json\/wp\/v2\/types\/post"}],"author":[{"embeddable":true,"href":"https:\/\/radiowebmx.com\/nota\/wp-json\/wp\/v2\/users\/1"}],"replies":[{"embeddable":true,"href":"https:\/\/radiowebmx.com\/nota\/wp-json\/wp\/v2\/comments?post=31452"}],"version-history":[{"count":1,"href":"https:\/\/radiowebmx.com\/nota\/wp-json\/wp\/v2\/posts\/31452\/revisions"}],"predecessor-version":[{"id":31454,"href":"https:\/\/radiowebmx.com\/nota\/wp-json\/wp\/v2\/posts\/31452\/revisions\/31454"}],"wp:featuredmedia":[{"embeddable":true,"href":"https:\/\/radiowebmx.com\/nota\/wp-json\/wp\/v2\/media\/31453"}],"wp:attachment":[{"href":"https:\/\/radiowebmx.com\/nota\/wp-json\/wp\/v2\/media?parent=31452"}],"wp:term":[{"taxonomy":"category","embeddable":true,"href":"https:\/\/radiowebmx.com\/nota\/wp-json\/wp\/v2\/categories?post=31452"},{"taxonomy":"post_tag","embeddable":true,"href":"https:\/\/radiowebmx.com\/nota\/wp-json\/wp\/v2\/tags?post=31452"}],"curies":[{"name":"wp","href":"https:\/\/api.w.org\/{rel}","templated":true}]}}