{"id":3145,"date":"2013-07-11T13:21:22","date_gmt":"2013-07-11T18:21:22","guid":{"rendered":"https:\/\/radiowebmx.com\/nota\/?p=3145"},"modified":"2013-07-11T13:21:22","modified_gmt":"2013-07-11T18:21:22","slug":"solo-con-trabajo-coordinado-y-la-suma-de-esfuerzos-se-concretara-el-nuevo-sistema-de-justicia-penal-maria-de-los-angeles-llanderal","status":"publish","type":"post","link":"https:\/\/radiowebmx.com\/nota\/solo-con-trabajo-coordinado-y-la-suma-de-esfuerzos-se-concretara-el-nuevo-sistema-de-justicia-penal-maria-de-los-angeles-llanderal\/","title":{"rendered":"\u201cS\u00f3lo con trabajo coordinado y la suma de esfuerzos\u201d se concretar\u00e1 el Nuevo sistema de justicia penal: Mar\u00eda de los \u00c1ngeles Llanderal"},"content":{"rendered":"<p>Esta tarde, Mar\u00eda de los \u00c1ngeles Llanderal Zaragoza, Secretaria ejecutiva del Consejo para el nuevo sistema de justicia penal en Michoac\u00e1n, dio formal clausura al \u201cPrimer Curso-taller pr\u00e1ctico e interactuado en el Nuevo Sistema Acusatorio Adversarial\u201d, organizado por la Asociaci\u00f3n de Abogados Juristas de Michoac\u00e1n y Abogados Libres y Liberales de Michoac\u00e1n, con el apoyo del \u00f3rgano implementador del sistema acusatorio.<\/p>\n<p>&nbsp;<\/p>\n<p>Durante su uso de la palabra, Marco Antonio Mu\u00f1iz Tinoco expres\u00f3 que el curso hoy concluido \u201cmarca el inicio de una intensa preparaci\u00f3n de los litigantes para estar al nivel de los operadores del sistema de justicia: jueces, fiscales, abogados y auxiliares de la administraci\u00f3n de justicia\u201d.<\/p>\n<p>&nbsp;<\/p>\n<p>A\u00f1adi\u00f3 que la implementaci\u00f3n del Nuevo sistema de justicia penal \u201cha despertado en nosotros la necesidad de prepararnos para este cambio de paradigma. Implica esfuerzos econ\u00f3micos que en estos momentos de crisis nos impiden acceder al nivel de preparaci\u00f3n al que aspiramos, pero con la voluntad de hacer las cosas que ha caracterizado a la asociaci\u00f3n, hemos iniciado lo que nos parec\u00eda lejano\u201d, logrando con este curso \u201cel eco esperado en la comunidad jur\u00eddica\u201d.<\/p>\n<p>&nbsp;<\/p>\n<p>Por su parte, Llanderal Zaragoza enfatiz\u00f3 que \u201cs\u00f3lo con trabajo coordinado y la suma de esfuerzos se llevar\u00e1 a buen puerto la implementaci\u00f3n de la reforma de 2008 que estableci\u00f3 el Nuevo sistema de justicia penal en M\u00e9xico\u201d.\u00a0 Agreg\u00f3 que ello \u201cimplica una nueva forma de llevar a cabo todo el proceso penal, con una investigaci\u00f3n cient\u00edfica, un mayor respeto por las v\u00edctimas u ofendidos, una defensa eficiente para los imputados, un sistema de audiencias orales y p\u00fablicas frente a un juez o tribunal, as\u00ed como cambios fundamentales en la presentaci\u00f3n y admisi\u00f3n y evaluaci\u00f3n de las pruebas.\u00a0 Sumado a todo esto, debe regir el principio de presunci\u00f3n de inocencia\u201d.\u00a0 Es por eso, concluy\u00f3, \u201cque trabajos como los que coordina Juristas de Michoac\u00e1n son tan valiosos y sin duda el esfuerzo efectuado por cada uno de quienes dedicaron 52 horas de su tiempo al Curso-taller pr\u00e1ctico e interactuado en el Nuevo Sistema Acusatorio Adversarial tendr\u00e1 una gran repercusi\u00f3n, no s\u00f3lo en lo personal sino tambi\u00e9n para la sociedad \u2013toda ella involucrada en este cambio de paradigma tan relevante\u201d.<\/p>\n<p>&nbsp;<\/p>\n<p>Finalmente, la Secretaria ejecutiva del Consejo para el nuevo sistema de justicia penal en Michoac\u00e1n, agradeci\u00f3 a los ponentes que apoyaron al Consejo transmitiendo sus conocimientos en el curso: Uriel Pi\u00f1a Reyna, Mar\u00eda del Pilar Ch\u00e1vez Franco, F\u00e9lix Francisco Cort\u00e9s S\u00e1nchez y Mar\u00eda Consuelo L\u00f3pez Ram\u00edrez.<\/p>\n<p>&nbsp;<\/p>\n<p>El curso tuvo una duraci\u00f3n de 52 horas y se realiz\u00f3 de manera abierta y gratuita del 5 de abril al 10 de julio de 2013, contando con la asistencia de 230 abogados, operadores y estudiantes interesados.\u00a0 Entre los temas abordados se encuentran el juicio oral y su procedimiento general, ret\u00f3rica y argumentaci\u00f3n, teor\u00eda del caso, mecanismos alternativos, el procedimiento abreviado, la justicia restaurativa, la ejecuci\u00f3n de sanciones, los derechos humanos y los tratados internacionales, criminal\u00edstica, cadena de custodia y recursos.<\/p>\n<p>&nbsp;<\/p>\n<p>Estuvieron tambi\u00e9n presentes en el evento Uriel Pi\u00f1a Reyna, director del Instituto de Capacitaci\u00f3n y Profesionalizaci\u00f3n de la Procuradur\u00eda General de Justicia, en representaci\u00f3n del gobernador Jes\u00fas Reyna Garc\u00eda; Mart\u00edn Ch\u00e1vez Gonz\u00e1lez, en representaci\u00f3n del Delegado de la Secretar\u00eda de Desarrollo Social en Michoac\u00e1n; Alfredo Lauro Vera Amaya, director del Departamento jur\u00eddico de la Universidad Michoacana de San Nicol\u00e1s de Hidalgo, en representaci\u00f3n del rector de dicha instituci\u00f3n; Pablo V\u00e1zquez Escobedo, regente del Colegio Primitivo y Nacional de San Nicol\u00e1s de Hidalgo; Tom\u00e1s Vega Mar\u00edn, subdirector de la Facultad de Derecho y Ciencias Sociales de la UMSNH, en representaci\u00f3n del director de esta facultad; Hill Arturo del R\u00edo Ram\u00edrez, ex director de dicha facultad; Marco Antonio Mu\u00f1iz Tinoco, presidente de la Asociaci\u00f3n de Abogados Juristas de Michoac\u00e1n; y C\u00e9sar L\u00f3pez Hu\u00e9ramo, miembro fundador y precursor de Abogados Libres y Liberales de Michoac\u00e1n.<\/p>\n<p>&nbsp;<\/p>\n<p>El Consejo trabaja coordinadamente con las asociaciones, barras y colegios de abogados del estado para dise\u00f1ar y ejecutar estrategias conjuntas que redunden en un gremio litigante fuerte y actualizado. Esta transformaci\u00f3n tan profunda requiere un esfuerzo may\u00fasculo de todas las instancias p\u00fablicas y los sectores sociales, por lo que el compromiso de los abogados particulares es fundamental para lograr una implementaci\u00f3n integral.<\/p>\n<p>&nbsp;<\/p>\n<p>&nbsp;<\/p>\n","protected":false},"excerpt":{"rendered":"<p>Esta tarde, Mar\u00eda de los \u00c1ngeles Llanderal Zaragoza, Secretaria ejecutiva del Consejo para el nuevo sistema de justicia penal en Michoac\u00e1n, dio formal clausura al \u201cPrimer Curso-taller pr\u00e1ctico e interactuado en el Nuevo Sistema Acusatorio Adversarial\u201d, organizado por la Asociaci\u00f3n de Abogados Juristas de Michoac\u00e1n y Abogados Libres y Liberales de Michoac\u00e1n, con el apoyo [&hellip;]<\/p>\n","protected":false},"author":1,"featured_media":0,"comment_status":"open","ping_status":"open","sticky":false,"template":"","format":"standard","meta":{"footnotes":""},"categories":[14,3],"tags":[],"class_list":["post-3145","post","type-post","status-publish","format-standard","hentry","category-destacadas","category-gobierno-del-estado-de-michoacan"],"_links":{"self":[{"href":"https:\/\/radiowebmx.com\/nota\/wp-json\/wp\/v2\/posts\/3145","targetHints":{"allow":["GET"]}}],"collection":[{"href":"https:\/\/radiowebmx.com\/nota\/wp-json\/wp\/v2\/posts"}],"about":[{"href":"https:\/\/radiowebmx.com\/nota\/wp-json\/wp\/v2\/types\/post"}],"author":[{"embeddable":true,"href":"https:\/\/radiowebmx.com\/nota\/wp-json\/wp\/v2\/users\/1"}],"replies":[{"embeddable":true,"href":"https:\/\/radiowebmx.com\/nota\/wp-json\/wp\/v2\/comments?post=3145"}],"version-history":[{"count":1,"href":"https:\/\/radiowebmx.com\/nota\/wp-json\/wp\/v2\/posts\/3145\/revisions"}],"predecessor-version":[{"id":3146,"href":"https:\/\/radiowebmx.com\/nota\/wp-json\/wp\/v2\/posts\/3145\/revisions\/3146"}],"wp:attachment":[{"href":"https:\/\/radiowebmx.com\/nota\/wp-json\/wp\/v2\/media?parent=3145"}],"wp:term":[{"taxonomy":"category","embeddable":true,"href":"https:\/\/radiowebmx.com\/nota\/wp-json\/wp\/v2\/categories?post=3145"},{"taxonomy":"post_tag","embeddable":true,"href":"https:\/\/radiowebmx.com\/nota\/wp-json\/wp\/v2\/tags?post=3145"}],"curies":[{"name":"wp","href":"https:\/\/api.w.org\/{rel}","templated":true}]}}