{"id":31449,"date":"2017-02-17T11:11:23","date_gmt":"2017-02-17T17:11:23","guid":{"rendered":"https:\/\/radiowebmx.com\/nota\/?p=31449"},"modified":"2017-02-17T11:11:23","modified_gmt":"2017-02-17T17:11:23","slug":"sedetum-y-ayuntamiento-de-nocupetaro-definen-acciones-en-materia-de-desarrollo-urbano","status":"publish","type":"post","link":"https:\/\/radiowebmx.com\/nota\/sedetum-y-ayuntamiento-de-nocupetaro-definen-acciones-en-materia-de-desarrollo-urbano\/","title":{"rendered":"Sedetum y Ayuntamiento de Nocup\u00e9taro definen acciones en materia de desarrollo urbano"},"content":{"rendered":"<p><img loading=\"lazy\" decoding=\"async\" class=\"alignleft size-full wp-image-31450\" src=\"https:\/\/radiowebmx.com\/nota\/wp-content\/uploads\/2017\/02\/c3538b49-d235-4ea6-9537-5b66a53b93e0.jpg\" alt=\"c3538b49-d235-4ea6-9537-5b66a53b93e0\" width=\"709\" height=\"549\" srcset=\"https:\/\/radiowebmx.com\/nota\/wp-content\/uploads\/2017\/02\/c3538b49-d235-4ea6-9537-5b66a53b93e0.jpg 709w, https:\/\/radiowebmx.com\/nota\/wp-content\/uploads\/2017\/02\/c3538b49-d235-4ea6-9537-5b66a53b93e0-300x232.jpg 300w\" sizes=\"auto, (max-width: 709px) 100vw, 709px\" \/><\/p>\n<p>&nbsp;<\/p>\n<p><strong>Nocup\u00e9taro, Michoac\u00e1n, a 16 de febrero de 2017.-<\/strong> El equipo t\u00e9cnico de la Secretar\u00eda de Desarrollo Territorial, Urbano y Movilidad (Sedetum), encabezado por su titular, Sergio Adem Argueta, contin\u00faa su recorrido por los municipios michoacanos para brindar asesor\u00eda a las autoridades locales en planificaci\u00f3n urbana y otros temas relacionados.<\/p>\n<p>&nbsp;<\/p>\n<p>En esta ocasi\u00f3n, el funcionario estatal visit\u00f3 Nocup\u00e9taro, para sostener un encuentro con el alcalde Apolinar Gonz\u00e1lez Hern\u00e1ndez y definir acciones en materia de desarrollo y mejora de imagen urbana de esta demarcaci\u00f3n.<\/p>\n<p>&nbsp;<\/p>\n<p>Sergio Adem indic\u00f3 que dentro de las l\u00edneas estrat\u00e9gicas que la dependencia lleva a cabo, se realiza un intenso trabajo con los municipios con el objetivo de impulsar la Nueva Agenda Urbana.<\/p>\n<p>&nbsp;<\/p>\n<p>En este marco, comparti\u00f3 con el mun\u00edcipe los programas que la Sedetum implementa como son: Ciudades en Movimiento; Suelo y Vivienda para Todos; Corazones de Barrio y Sistema de Ciudades.<\/p>\n<p>&nbsp;<\/p>\n<p>De igual forma, manifest\u00f3 que por instrucci\u00f3n del Gobernador Silvano Aureoles Conejo, se trabaja con los Ayuntamientos en temas relativos a la planeaci\u00f3n estrat\u00e9gica, al ordenamiento territorial sustentable y equitativo, tras se\u00f1alar que esto permite generar prosperidad urbana, lo que se traduce en desarrollo para las comunidades y mejores condiciones para sus habitantes.<\/p>\n<p>&nbsp;<\/p>\n<p>Al realizar un recorrido por el municipio, el titular de la Sedetum y autoridades locales supervisaron la plaza principal y algunas de las edificaciones m\u00e1s representativas de Nocup\u00e9taro, con el fin de revisar las necesidades m\u00e1s sentidas e iniciar una ruta de trabajo.<\/p>\n<p>&nbsp;<\/p>\n<p>El alcalde Apolinar Gonz\u00e1lez plante\u00f3 al Secretario diversas peticiones referentes al programa de escrituraci\u00f3n gratuita y mejora de imagen urbana del municipio, ya que por su historia, el edil consider\u00f3 que Nocup\u00e9taro tiene un potencial tur\u00edstico que debe aprovecharse.<\/p>\n","protected":false},"excerpt":{"rendered":"<p>El equipo t\u00e9cnico de la Secretar\u00eda de Desarrollo Territorial, Urbano y Movilidad (Sedetum), encabezado por su titular, Sergio Adem Argueta, contin\u00faa su recorrido por los municipios michoacanos para brindar asesor\u00eda a las autoridades locales en planificaci\u00f3n urbana y otros temas relacionados.<\/p>\n","protected":false},"author":1,"featured_media":31450,"comment_status":"open","ping_status":"open","sticky":false,"template":"","format":"standard","meta":{"footnotes":""},"categories":[14,3],"tags":[],"class_list":["post-31449","post","type-post","status-publish","format-standard","has-post-thumbnail","hentry","category-destacadas","category-gobierno-del-estado-de-michoacan"],"_links":{"self":[{"href":"https:\/\/radiowebmx.com\/nota\/wp-json\/wp\/v2\/posts\/31449","targetHints":{"allow":["GET"]}}],"collection":[{"href":"https:\/\/radiowebmx.com\/nota\/wp-json\/wp\/v2\/posts"}],"about":[{"href":"https:\/\/radiowebmx.com\/nota\/wp-json\/wp\/v2\/types\/post"}],"author":[{"embeddable":true,"href":"https:\/\/radiowebmx.com\/nota\/wp-json\/wp\/v2\/users\/1"}],"replies":[{"embeddable":true,"href":"https:\/\/radiowebmx.com\/nota\/wp-json\/wp\/v2\/comments?post=31449"}],"version-history":[{"count":1,"href":"https:\/\/radiowebmx.com\/nota\/wp-json\/wp\/v2\/posts\/31449\/revisions"}],"predecessor-version":[{"id":31451,"href":"https:\/\/radiowebmx.com\/nota\/wp-json\/wp\/v2\/posts\/31449\/revisions\/31451"}],"wp:featuredmedia":[{"embeddable":true,"href":"https:\/\/radiowebmx.com\/nota\/wp-json\/wp\/v2\/media\/31450"}],"wp:attachment":[{"href":"https:\/\/radiowebmx.com\/nota\/wp-json\/wp\/v2\/media?parent=31449"}],"wp:term":[{"taxonomy":"category","embeddable":true,"href":"https:\/\/radiowebmx.com\/nota\/wp-json\/wp\/v2\/categories?post=31449"},{"taxonomy":"post_tag","embeddable":true,"href":"https:\/\/radiowebmx.com\/nota\/wp-json\/wp\/v2\/tags?post=31449"}],"curies":[{"name":"wp","href":"https:\/\/api.w.org\/{rel}","templated":true}]}}