{"id":31439,"date":"2017-02-16T15:07:09","date_gmt":"2017-02-16T21:07:09","guid":{"rendered":"https:\/\/radiowebmx.com\/nota\/?p=31439"},"modified":"2017-02-16T15:07:09","modified_gmt":"2017-02-16T21:07:09","slug":"se-fortalecen-vinculos-con-instituciones-privadas-de-educacion-inicial-y-primaria-incorporadas-a-la-see","status":"publish","type":"post","link":"https:\/\/radiowebmx.com\/nota\/se-fortalecen-vinculos-con-instituciones-privadas-de-educacion-inicial-y-primaria-incorporadas-a-la-see\/","title":{"rendered":"Se fortalecen v\u00ednculos con instituciones privadas de Educaci\u00f3n Inicial y Primaria incorporadas a la SEE"},"content":{"rendered":"<p><img loading=\"lazy\" decoding=\"async\" class=\"alignleft size-full wp-image-31440\" src=\"https:\/\/radiowebmx.com\/nota\/wp-content\/uploads\/2017\/02\/b593e873-6b0e-4918-845b-3b70fb6b5a17.jpg\" alt=\"b593e873-6b0e-4918-845b-3b70fb6b5a17\" width=\"709\" height=\"472\" srcset=\"https:\/\/radiowebmx.com\/nota\/wp-content\/uploads\/2017\/02\/b593e873-6b0e-4918-845b-3b70fb6b5a17.jpg 709w, https:\/\/radiowebmx.com\/nota\/wp-content\/uploads\/2017\/02\/b593e873-6b0e-4918-845b-3b70fb6b5a17-300x200.jpg 300w\" sizes=\"auto, (max-width: 709px) 100vw, 709px\" \/><\/p>\n<p><strong>Morelia, Michoac\u00e1n, a 16 de febrero de 2017.- <\/strong>La Secretar\u00eda de Educaci\u00f3n en el Estado (SEE), a trav\u00e9s de la Coordinaci\u00f3n de Planeaci\u00f3n y Evaluaci\u00f3n Educativa, realiz\u00f3 la primera Reuni\u00f3n de Trabajo con 37 directivos y representantes de escuelas de Educaci\u00f3n Inicial y 482 de Educaci\u00f3n Preescolar incorporadas a la dependencia educativa, las cuales atienden a una matr\u00edcula de 25 mil 923 escolares.<br \/>\nEsto\u00a0con el objetivo de brindar informaci\u00f3n y herramientas a trav\u00e9s de espacios que permitan intercambiar puntos de vista y que faciliten el trabajo que realiza cada una de las instituciones.<\/p>\n<p>Al presidir el evento Alberto Frutis Sol\u00eds, secretario de Educaci\u00f3n, manifest\u00f3 a los directivos y representantes de las instituciones privadas que forman parte del sistema educativo de Michoac\u00e1n, que en la dependencia existe el inter\u00e9s por generar y promover un mayor acercamiento con las escuelas incorporadas, para generar un espacio de di\u00e1logo y cercan\u00eda.<\/p>\n<p>\u201cQue este espacio sirva para reconocer la importancia y el esfuerzo que realizan por ofrecer una educaci\u00f3n de calidad y con ello romper las brechas de desigualdad en nuestra sociedad\u201d, resalt\u00f3.<\/p>\n<p>Cabe mencionar que de acuerdo con la informaci\u00f3n que proporciona la Direcci\u00f3n de Incorporaci\u00f3n, Control y Certificaci\u00f3n, el encargado de la pol\u00edtica educativa, felicit\u00f3 a los presentes por ser la mayor\u00eda de los centros escolares incorporados a la SEE en sus niveles inicial y preescolar los que se conducen con irrestricto apego a las normas que regulan su funcionamiento.<\/p>\n<p>Agreg\u00f3 que a trav\u00e9s del buen desempe\u00f1o de sus Consejos T\u00e9cnicos Escolares, promueven una constante asesor\u00eda en los contenidos de Planes y Programas vigentes, asisten a los Consejos T\u00e9cnicos de Supervisi\u00f3n y realizan un seguimiento puntual de acuerdos y disposiciones, asimismo, atienden las observaciones y sugerencias realizadas por las supervisiones correspondientes.<\/p>\n<p>Finalmente, Frutis Sol\u00eds record\u00f3 que es importante apegarse a los planes y programas oficiales, considerando las competencias, campos formativos y aprendizajes esperados, que describan de manera puntual la metodolog\u00eda did\u00e1ctica a desarrollar y detallen la evaluaci\u00f3n de los aprendizajes.<\/p>\n<p>Cabe resaltar que durante el encuentro, se compartir\u00e1 informaci\u00f3n puntual y oportuna acerca de la normatividad vigente en materia de impartici\u00f3n de educaci\u00f3n incorporada a la SEE en sus diversas modalidades.<\/p>\n","protected":false},"excerpt":{"rendered":"<p>La Secretar\u00eda de Educaci\u00f3n en el Estado (SEE), a trav\u00e9s de la Coordinaci\u00f3n de Planeaci\u00f3n y Evaluaci\u00f3n Educativa, realiz\u00f3 la primera Reuni\u00f3n de Trabajo con 37 directivos y representantes de escuelas de Educaci\u00f3n Inicial y 482 de Educaci\u00f3n Preescolar incorporadas a la dependencia educativa, las cuales atienden a una matr\u00edcula de 25 mil 923 escolares.<\/p>\n","protected":false},"author":1,"featured_media":31440,"comment_status":"open","ping_status":"open","sticky":false,"template":"","format":"standard","meta":{"footnotes":""},"categories":[14,3],"tags":[],"class_list":["post-31439","post","type-post","status-publish","format-standard","has-post-thumbnail","hentry","category-destacadas","category-gobierno-del-estado-de-michoacan"],"_links":{"self":[{"href":"https:\/\/radiowebmx.com\/nota\/wp-json\/wp\/v2\/posts\/31439","targetHints":{"allow":["GET"]}}],"collection":[{"href":"https:\/\/radiowebmx.com\/nota\/wp-json\/wp\/v2\/posts"}],"about":[{"href":"https:\/\/radiowebmx.com\/nota\/wp-json\/wp\/v2\/types\/post"}],"author":[{"embeddable":true,"href":"https:\/\/radiowebmx.com\/nota\/wp-json\/wp\/v2\/users\/1"}],"replies":[{"embeddable":true,"href":"https:\/\/radiowebmx.com\/nota\/wp-json\/wp\/v2\/comments?post=31439"}],"version-history":[{"count":1,"href":"https:\/\/radiowebmx.com\/nota\/wp-json\/wp\/v2\/posts\/31439\/revisions"}],"predecessor-version":[{"id":31441,"href":"https:\/\/radiowebmx.com\/nota\/wp-json\/wp\/v2\/posts\/31439\/revisions\/31441"}],"wp:featuredmedia":[{"embeddable":true,"href":"https:\/\/radiowebmx.com\/nota\/wp-json\/wp\/v2\/media\/31440"}],"wp:attachment":[{"href":"https:\/\/radiowebmx.com\/nota\/wp-json\/wp\/v2\/media?parent=31439"}],"wp:term":[{"taxonomy":"category","embeddable":true,"href":"https:\/\/radiowebmx.com\/nota\/wp-json\/wp\/v2\/categories?post=31439"},{"taxonomy":"post_tag","embeddable":true,"href":"https:\/\/radiowebmx.com\/nota\/wp-json\/wp\/v2\/tags?post=31439"}],"curies":[{"name":"wp","href":"https:\/\/api.w.org\/{rel}","templated":true}]}}