{"id":31429,"date":"2017-02-16T14:31:17","date_gmt":"2017-02-16T20:31:17","guid":{"rendered":"https:\/\/radiowebmx.com\/nota\/?p=31429"},"modified":"2017-02-16T14:31:17","modified_gmt":"2017-02-16T20:31:17","slug":"presentan-libro-pensiones-civiles-de-michoacan-1937-2017","status":"publish","type":"post","link":"https:\/\/radiowebmx.com\/nota\/presentan-libro-pensiones-civiles-de-michoacan-1937-2017\/","title":{"rendered":"Presentan Libro \u201cPensiones Civiles de Michoac\u00e1n 1937-2017\u201d"},"content":{"rendered":"<p><img loading=\"lazy\" decoding=\"async\" class=\"alignleft size-full wp-image-31430\" src=\"https:\/\/radiowebmx.com\/nota\/wp-content\/uploads\/2017\/02\/2b22ded8-9b20-45af-b814-9570b996a21e.jpg\" alt=\"2b22ded8-9b20-45af-b814-9570b996a21e\" width=\"709\" height=\"472\" srcset=\"https:\/\/radiowebmx.com\/nota\/wp-content\/uploads\/2017\/02\/2b22ded8-9b20-45af-b814-9570b996a21e.jpg 709w, https:\/\/radiowebmx.com\/nota\/wp-content\/uploads\/2017\/02\/2b22ded8-9b20-45af-b814-9570b996a21e-300x200.jpg 300w\" sizes=\"auto, (max-width: 709px) 100vw, 709px\" \/><\/p>\n<p>&nbsp;<\/p>\n<p><strong>Morelia, Michoac\u00e1n, a 16 de febrero de 2017.-<\/strong> En el marco de las actividades para conmemorar el 80 aniversario de la creaci\u00f3n de la Direcci\u00f3n de Pensiones Civiles en Michoac\u00e1n, este jueves, el director de dicha dependencia estatal, Ignacio Ocampo Barrueta present\u00f3 el libro \u201cPensiones Civiles de Michoac\u00e1n\u201d, de la autor\u00eda del historiador y periodista Arturo Herrera Cornejo.<\/p>\n<p>El funcionario estatal destac\u00f3 la importancia que representa para la instituci\u00f3n a su cargo recoger la historia de la Direcci\u00f3n de Pensiones Civiles a trav\u00e9s de 80 a\u00f1os de servicio a los trabajadores del Poder Ejecutivo, al recordar que el 1 de febrero de 1937 se public\u00f3 la creaci\u00f3n de la Direcci\u00f3n de Pensiones Civiles de Retiro, ante la necesidad de garantizar la seguridad social en apoyo de los que brindaron su servicio al Estado durante su vida laboral.<\/p>\n<p>Los encargados de comentar dicha obra, que servir\u00e1 como un texto de consulta, fueron el ex director de Pensiones Civiles, Uriel L\u00f3pez Paredes y la secretaria de Igualdad Sustantiva y Desarrollo de las Mujeres Michoacanas, Fabiola Alan\u00eds S\u00e1mano.<\/p>\n<p>\u201cEste libro es una mezcla de todo el contexto pol\u00edtico, social y sindical, porque nos habla de c\u00f3mo surge el corporativismo, es un texto muy rico pol\u00edticamente que enriquecer\u00e1 el conocimiento de la historia de Michoac\u00e1n\u201d, expres\u00f3 L\u00f3pez Paredes.<\/p>\n<p>Por su parte, Fabiola Alan\u00eds expuso que: \u201cEs de vital importancia la creaci\u00f3n de estudios historiogr\u00e1ficos de esta magnitud, ya que con ello se da cuenta del origen en este caso de la construcci\u00f3n de las propias instituciones que conforman el estado, de los vaivenes que enfrentaron, as\u00ed como de sus fallas y fortalezas a lo largo del desarrollo de la sociedad michoacana\u201d.<\/p>\n<p>Destac\u00f3 que mirar al pasado y estudiar el devenir de los fen\u00f3menos sociales, ayuda a no repetir los errores y a construir opciones cada vez m\u00e1s democr\u00e1ticas que aporten soluciones acordes a la magnitud de las problem\u00e1ticas que se enfrentan.<\/p>\n<p>Por ello, la funcionaria estatal resalt\u00f3: \u201cEstoy totalmente segura que la voluntad del Gobernador Silvano Aureoles y el compromiso y la capacidad del director Ignacio Ocampo consolidar\u00e1n el futuro de esta instituci\u00f3n, por lo que realizar\u00e1n todos los esfuerzos necesarios para que as\u00ed sea\u201d.<\/p>\n<p>Finalmente, el autor Arturo Herrera agradeci\u00f3 la confianza y el apoyo de las autoridades estatales para la realizaci\u00f3n de este libro y las facilidades que le dieron en el Archivo Hist\u00f3rico del Poder Ejecutivo, para documentar y fundamentar la construcci\u00f3n del ejemplar.<\/p>\n<p>El evento central de la conmemoraci\u00f3n del 80 aniversario de la Direcci\u00f3n de Pensiones Civiles de Michoac\u00e1n se llevar\u00e1 a cabo este viernes en punto de las 11:00 horas en Casa de Gobierno, donde asistir\u00e1n los titulares de los tres Poderes del Estado, para hacer la declaratoria del D\u00eda del Pensionado y Jubilado Estatal que quedar\u00e1 instituido cada 17 de febrero a partir de este a\u00f1o.<\/p>\n","protected":false},"excerpt":{"rendered":"<p>En el marco de las actividades para conmemorar el 80 aniversario de la creaci\u00f3n de la Direcci\u00f3n de Pensiones Civiles en Michoac\u00e1n, este jueves, el director de dicha dependencia estatal, Ignacio Ocampo Barrueta present\u00f3 el libro \u201cPensiones Civiles de Michoac\u00e1n\u201d, de la autor\u00eda del historiador y periodista Arturo Herrera Cornejo.<\/p>\n","protected":false},"author":1,"featured_media":31430,"comment_status":"open","ping_status":"open","sticky":false,"template":"","format":"standard","meta":{"footnotes":""},"categories":[14,3],"tags":[],"class_list":["post-31429","post","type-post","status-publish","format-standard","has-post-thumbnail","hentry","category-destacadas","category-gobierno-del-estado-de-michoacan"],"_links":{"self":[{"href":"https:\/\/radiowebmx.com\/nota\/wp-json\/wp\/v2\/posts\/31429","targetHints":{"allow":["GET"]}}],"collection":[{"href":"https:\/\/radiowebmx.com\/nota\/wp-json\/wp\/v2\/posts"}],"about":[{"href":"https:\/\/radiowebmx.com\/nota\/wp-json\/wp\/v2\/types\/post"}],"author":[{"embeddable":true,"href":"https:\/\/radiowebmx.com\/nota\/wp-json\/wp\/v2\/users\/1"}],"replies":[{"embeddable":true,"href":"https:\/\/radiowebmx.com\/nota\/wp-json\/wp\/v2\/comments?post=31429"}],"version-history":[{"count":1,"href":"https:\/\/radiowebmx.com\/nota\/wp-json\/wp\/v2\/posts\/31429\/revisions"}],"predecessor-version":[{"id":31431,"href":"https:\/\/radiowebmx.com\/nota\/wp-json\/wp\/v2\/posts\/31429\/revisions\/31431"}],"wp:featuredmedia":[{"embeddable":true,"href":"https:\/\/radiowebmx.com\/nota\/wp-json\/wp\/v2\/media\/31430"}],"wp:attachment":[{"href":"https:\/\/radiowebmx.com\/nota\/wp-json\/wp\/v2\/media?parent=31429"}],"wp:term":[{"taxonomy":"category","embeddable":true,"href":"https:\/\/radiowebmx.com\/nota\/wp-json\/wp\/v2\/categories?post=31429"},{"taxonomy":"post_tag","embeddable":true,"href":"https:\/\/radiowebmx.com\/nota\/wp-json\/wp\/v2\/tags?post=31429"}],"curies":[{"name":"wp","href":"https:\/\/api.w.org\/{rel}","templated":true}]}}