{"id":31426,"date":"2017-02-16T14:01:20","date_gmt":"2017-02-16T20:01:20","guid":{"rendered":"https:\/\/radiowebmx.com\/nota\/?p=31426"},"modified":"2017-02-16T14:01:20","modified_gmt":"2017-02-16T20:01:20","slug":"acude-alfonso-martinez-a-informe-de-actividades-2016-del-presidente-del-poder-judicial-del-estado","status":"publish","type":"post","link":"https:\/\/radiowebmx.com\/nota\/acude-alfonso-martinez-a-informe-de-actividades-2016-del-presidente-del-poder-judicial-del-estado\/","title":{"rendered":"Acude Alfonso Mart\u00ednez a Informe de Actividades 2016 del Presidente del Poder Judicial del Estado"},"content":{"rendered":"<p><img loading=\"lazy\" decoding=\"async\" class=\"alignleft size-full wp-image-31427\" src=\"https:\/\/radiowebmx.com\/nota\/wp-content\/uploads\/2017\/02\/00880b66-f589-4517-a373-a36ed2abacf8.jpeg\" alt=\"00880b66-f589-4517-a373-a36ed2abacf8\" width=\"709\" height=\"472\" srcset=\"https:\/\/radiowebmx.com\/nota\/wp-content\/uploads\/2017\/02\/00880b66-f589-4517-a373-a36ed2abacf8.jpeg 709w, https:\/\/radiowebmx.com\/nota\/wp-content\/uploads\/2017\/02\/00880b66-f589-4517-a373-a36ed2abacf8-300x200.jpeg 300w\" sizes=\"auto, (max-width: 709px) 100vw, 709px\" \/><\/p>\n<p>&nbsp;<\/p>\n<p>El Presidente Municipal de Morelia, Alfonso Mart\u00ednez Alc\u00e1zar, acudi\u00f3 la ma\u00f1ana de este jueves al Informe de Actividades 2016 de Marco Antonio Flores Negrete, Magistrado Presidente del Poder Judicial de Michoac\u00e1n, marco en el que reconoci\u00f3 su labor al frente de esta instituci\u00f3n, en aras de mejorar la impartici\u00f3n y administraci\u00f3n de la justicia en el estado.<\/p>\n<p>Tras escuchar atento el mensaje del presidente del Supremo Tribunal de Justicia en Michoac\u00e1n, el Alcalde subray\u00f3 la importancia de que los poderes ejecutivo, judicial y legislativo, as\u00ed como cada uno de los Gobiernos locales, sumen esfuerzos para la construcci\u00f3n de una sociedad m\u00e1s justa, equitativa y democr\u00e1tica.<\/p>\n<p>En el acto, en el que tambi\u00e9n estuvieron presentes el Gobernador del Estado, Silvano Aureoles Conejo, el Presidente de la Mesa Directiva del Congreso del Estado, Pascual Sigala P\u00e1ez, jueces, magistrados y diputados locales, destac\u00f3 que es fundamental que cada una de las instituciones p\u00fablicas, abonen desde su trinchera, a reforzar el Estado de Derecho en la entidad.<\/p>\n<p>Asimismo, Mart\u00ednez Alc\u00e1zar, manifest\u00f3 la necesidad de fortalecer la impartici\u00f3n de justicia en el estado y garantizar la protecci\u00f3n de los derechos fundamentales de la ciudadan\u00eda, al tiempo que reconoci\u00f3 el esfuerzo emprendido desde el Poder Judicial del Estado en la aplicaci\u00f3n del Nuevo Sistema de Justicia Penal, velando en todo momento por las garant\u00edas individuales de los ciudadanos.<\/p>\n<p>Finalmente, aplaudi\u00f3 el inter\u00e9s de Flores Negrete por dar cuenta a los michoacanos del estado que guarda la impartici\u00f3n y administraci\u00f3n de justicia del Poder Judicial de Michoac\u00e1n, en un ejercicio democr\u00e1tico y transparente, en el que se informaron las fortalezcas y los retos por cumplir.<\/p>\n","protected":false},"excerpt":{"rendered":"<p>El Presidente Municipal de Morelia, Alfonso Mart\u00ednez Alc\u00e1zar, acudi\u00f3 la ma\u00f1ana de este jueves al Informe de Actividades 2016 de Marco Antonio Flores Negrete, Magistrado Presidente del Poder Judicial de Michoac\u00e1n, marco en el que reconoci\u00f3 su labor al frente de esta instituci\u00f3n, en aras de mejorar la impartici\u00f3n y administraci\u00f3n de la justicia en el estado.<\/p>\n","protected":false},"author":1,"featured_media":31427,"comment_status":"open","ping_status":"open","sticky":false,"template":"","format":"standard","meta":{"footnotes":""},"categories":[14,9],"tags":[],"class_list":["post-31426","post","type-post","status-publish","format-standard","has-post-thumbnail","hentry","category-destacadas","category-morelia"],"_links":{"self":[{"href":"https:\/\/radiowebmx.com\/nota\/wp-json\/wp\/v2\/posts\/31426","targetHints":{"allow":["GET"]}}],"collection":[{"href":"https:\/\/radiowebmx.com\/nota\/wp-json\/wp\/v2\/posts"}],"about":[{"href":"https:\/\/radiowebmx.com\/nota\/wp-json\/wp\/v2\/types\/post"}],"author":[{"embeddable":true,"href":"https:\/\/radiowebmx.com\/nota\/wp-json\/wp\/v2\/users\/1"}],"replies":[{"embeddable":true,"href":"https:\/\/radiowebmx.com\/nota\/wp-json\/wp\/v2\/comments?post=31426"}],"version-history":[{"count":1,"href":"https:\/\/radiowebmx.com\/nota\/wp-json\/wp\/v2\/posts\/31426\/revisions"}],"predecessor-version":[{"id":31428,"href":"https:\/\/radiowebmx.com\/nota\/wp-json\/wp\/v2\/posts\/31426\/revisions\/31428"}],"wp:featuredmedia":[{"embeddable":true,"href":"https:\/\/radiowebmx.com\/nota\/wp-json\/wp\/v2\/media\/31427"}],"wp:attachment":[{"href":"https:\/\/radiowebmx.com\/nota\/wp-json\/wp\/v2\/media?parent=31426"}],"wp:term":[{"taxonomy":"category","embeddable":true,"href":"https:\/\/radiowebmx.com\/nota\/wp-json\/wp\/v2\/categories?post=31426"},{"taxonomy":"post_tag","embeddable":true,"href":"https:\/\/radiowebmx.com\/nota\/wp-json\/wp\/v2\/tags?post=31426"}],"curies":[{"name":"wp","href":"https:\/\/api.w.org\/{rel}","templated":true}]}}