{"id":31423,"date":"2017-02-16T13:47:53","date_gmt":"2017-02-16T19:47:53","guid":{"rendered":"https:\/\/radiowebmx.com\/nota\/?p=31423"},"modified":"2017-02-16T13:47:53","modified_gmt":"2017-02-16T19:47:53","slug":"regidores-revisan-propuestas-para-promover-el-orden-en-el-comercio","status":"publish","type":"post","link":"https:\/\/radiowebmx.com\/nota\/regidores-revisan-propuestas-para-promover-el-orden-en-el-comercio\/","title":{"rendered":"Regidores revisan propuestas para promover el orden en el comercio"},"content":{"rendered":"<p><img loading=\"lazy\" decoding=\"async\" class=\"alignleft size-full wp-image-31424\" src=\"https:\/\/radiowebmx.com\/nota\/wp-content\/uploads\/2017\/02\/09d4a48a-d33a-4b98-ab67-784b3e15483e.jpeg\" alt=\"09d4a48a-d33a-4b98-ab67-784b3e15483e\" width=\"709\" height=\"531\" srcset=\"https:\/\/radiowebmx.com\/nota\/wp-content\/uploads\/2017\/02\/09d4a48a-d33a-4b98-ab67-784b3e15483e.jpeg 709w, https:\/\/radiowebmx.com\/nota\/wp-content\/uploads\/2017\/02\/09d4a48a-d33a-4b98-ab67-784b3e15483e-300x225.jpeg 300w\" sizes=\"auto, (max-width: 709px) 100vw, 709px\" \/><\/p>\n<p>&nbsp;<\/p>\n<p>Con miras a coadyuvar en la realizaci\u00f3n de un plan de trabajo que impulse el comercio local en el municipio, la Comisi\u00f3n de Servicios P\u00fablicos que coordina la Regidora, Alma Rosa Bahena Villalobos, sostuvo una reuni\u00f3n con el titular de esta \u00e1rea municipal en el municipio, Jos\u00e9 Luis Gil V\u00e1zquez, con quien se analizaron distintas propuestas para lograr dicho fin.<\/p>\n<p>En el encuentro en el que tambi\u00e9n estuvieron presentes los Regidores integrantes de esta \u00e1rea de Cabildo, Claudia Leticia L\u00e1zaro Medina y Benjam\u00edn Farf\u00e1n Reyes, se abord\u00f3 adem\u00e1s la situaci\u00f3n actual de la vida comercial en la capital michoacana, as\u00ed como los principales retos en la materia.<\/p>\n<p>Entre sus caracter\u00edsticas principales para el desarrollo econ\u00f3mico de Morelia, se puso sobre la mesa el establecer m\u00e1s y mejores espacios para comercializar los diversos productos a la ciudadan\u00eda en general.<\/p>\n<p>Adem\u00e1s, la Regidora Alma Bahena, se pronunci\u00f3 por buscar m\u00e1s alternativas de ocupaci\u00f3n de la ciudadan\u00eda y que favorezcan el ordenamiento del comercio en la ciudad y sus 14 tenencias.<\/p>\n<p>Asimismo, destac\u00f3 que todo reporte ciudadano es una herramienta esencial para atender las necesidades de los morelianos, ya sea en materia de servicios p\u00fablicos o en el rubro comercial.<\/p>\n<p>A la par, la Regidora Claudia L\u00e1zaro, record\u00f3 que el ordenamiento de oferentes debe ir de la mano con el respeto de los derechos humanos de cada individuo y enfocado al factor humano como estrategia a implementada por la autoridad municipal.<\/p>\n<p>De la misma forma, el servidor p\u00fablico, Benjam\u00edn Farf\u00e1n destac\u00f3 que desde el trabajo que tienen los Regidores en Cabildo se pueden promover m\u00e1s puntos de acuerdo que favorezcan la vida comercial en el municipio.<\/p>\n<p>Cabe destacar que en esta reuni\u00f3n estuvo como invitado al Regidor, Fernando Rodr\u00edguez Herrej\u00f3n, quien se manifest\u00f3 a favor de potenciar el desarrollo comercial, a trav\u00e9s del concenso con los distintos sectores de la poblaci\u00f3n.<\/p>\n","protected":false},"excerpt":{"rendered":"<p>Con miras a coadyuvar en la realizaci\u00f3n de un plan de trabajo que impulse el comercio local en el municipio, la Comisi\u00f3n de Servicios P\u00fablicos que coordina la Regidora, Alma Rosa Bahena Villalobos, sostuvo una reuni\u00f3n con el titular de esta \u00e1rea municipal en el municipio, Jos\u00e9 Luis Gil V\u00e1zquez, con quien se analizaron distintas propuestas para lograr dicho fin.<\/p>\n","protected":false},"author":1,"featured_media":31424,"comment_status":"open","ping_status":"open","sticky":false,"template":"","format":"standard","meta":{"footnotes":""},"categories":[14,9],"tags":[],"class_list":["post-31423","post","type-post","status-publish","format-standard","has-post-thumbnail","hentry","category-destacadas","category-morelia"],"_links":{"self":[{"href":"https:\/\/radiowebmx.com\/nota\/wp-json\/wp\/v2\/posts\/31423","targetHints":{"allow":["GET"]}}],"collection":[{"href":"https:\/\/radiowebmx.com\/nota\/wp-json\/wp\/v2\/posts"}],"about":[{"href":"https:\/\/radiowebmx.com\/nota\/wp-json\/wp\/v2\/types\/post"}],"author":[{"embeddable":true,"href":"https:\/\/radiowebmx.com\/nota\/wp-json\/wp\/v2\/users\/1"}],"replies":[{"embeddable":true,"href":"https:\/\/radiowebmx.com\/nota\/wp-json\/wp\/v2\/comments?post=31423"}],"version-history":[{"count":1,"href":"https:\/\/radiowebmx.com\/nota\/wp-json\/wp\/v2\/posts\/31423\/revisions"}],"predecessor-version":[{"id":31425,"href":"https:\/\/radiowebmx.com\/nota\/wp-json\/wp\/v2\/posts\/31423\/revisions\/31425"}],"wp:featuredmedia":[{"embeddable":true,"href":"https:\/\/radiowebmx.com\/nota\/wp-json\/wp\/v2\/media\/31424"}],"wp:attachment":[{"href":"https:\/\/radiowebmx.com\/nota\/wp-json\/wp\/v2\/media?parent=31423"}],"wp:term":[{"taxonomy":"category","embeddable":true,"href":"https:\/\/radiowebmx.com\/nota\/wp-json\/wp\/v2\/categories?post=31423"},{"taxonomy":"post_tag","embeddable":true,"href":"https:\/\/radiowebmx.com\/nota\/wp-json\/wp\/v2\/tags?post=31423"}],"curies":[{"name":"wp","href":"https:\/\/api.w.org\/{rel}","templated":true}]}}