{"id":31420,"date":"2017-02-16T13:44:19","date_gmt":"2017-02-16T19:44:19","guid":{"rendered":"https:\/\/radiowebmx.com\/nota\/?p=31420"},"modified":"2017-02-16T13:44:19","modified_gmt":"2017-02-16T19:44:19","slug":"capacitan-a-personal-del-zoo-para-mejorar-atencion-a-personas-con-discapacidad","status":"publish","type":"post","link":"https:\/\/radiowebmx.com\/nota\/capacitan-a-personal-del-zoo-para-mejorar-atencion-a-personas-con-discapacidad\/","title":{"rendered":"Capacitan a personal del Zoo para mejorar atenci\u00f3n a personas con discapacidad"},"content":{"rendered":"<p><img loading=\"lazy\" decoding=\"async\" class=\"alignleft size-full wp-image-31421\" src=\"https:\/\/radiowebmx.com\/nota\/wp-content\/uploads\/2017\/02\/d0b359ce-c6ba-4dcd-9cdf-00969848e2fe.jpg\" alt=\"d0b359ce-c6ba-4dcd-9cdf-00969848e2fe\" width=\"709\" height=\"472\" srcset=\"https:\/\/radiowebmx.com\/nota\/wp-content\/uploads\/2017\/02\/d0b359ce-c6ba-4dcd-9cdf-00969848e2fe.jpg 709w, https:\/\/radiowebmx.com\/nota\/wp-content\/uploads\/2017\/02\/d0b359ce-c6ba-4dcd-9cdf-00969848e2fe-300x200.jpg 300w\" sizes=\"auto, (max-width: 709px) 100vw, 709px\" \/><\/p>\n<p>&nbsp;<\/p>\n<p><strong>Morelia, Michoac\u00e1n, a 16 de febrero de 2017.-<\/strong> Comprometido con la integraci\u00f3n familiar e inclusi\u00f3n social, el personal del Parque Zool\u00f3gico \u201cBenito Ju\u00e1rez\u201d recibe capacitaci\u00f3n por parte del Centro de Rehabilitaci\u00f3n Infantil Telet\u00f3n Michoac\u00e1n, con la finalidad de reafirmar los conocimientos y mejorar los servicios de atenci\u00f3n a personas con discapacidad.<\/p>\n<p>&nbsp;<\/p>\n<p>Durante la ma\u00f1ana de este jueves se impartieron pl\u00e1ticas y din\u00e1micas sobre los protocolos que se deben seguir al recibir a visitantes con alg\u00fan tipo de discapacidad,\u00a0las cuales estuvieron a cargo del coordinador de Proyectos del CRIT, Javier Reyes; Eduardo Basilio L\u00f3pez, Miriam Bedolla y personal voluntario que apoy\u00f3 las actividades de primeros auxilios y atenci\u00f3n a personas en sillas de ruedas.<\/p>\n<p>&nbsp;<\/p>\n<p>Javier Reyes realiz\u00f3 diferentes ejercicios\u00a0sobre c\u00f3mo llevar a cabo una oportuna intervenci\u00f3n y evitar accidentes mayores. Asimismo, se realizaron recorridos en sillas de ruedas siguiendo instrucciones de c\u00f3mo subir escalones, rampas y el traslado sobre superficies empedradas.<\/p>\n<p>&nbsp;<\/p>\n<p>El director general del Parque Zool\u00f3gico, Josu\u00e9 Rangel D\u00edaz, particip\u00f3 de manera conjunta en las actividades que se realizaron con el personal, y reconoci\u00f3 la labor que desempe\u00f1an quienes apoyan e impulsan el respeto e inclusi\u00f3n de la sociedad.<\/p>\n<p>&nbsp;<\/p>\n<p>\u201cNosotros somos un organismo incluyente. Estamos interesados en que todos los michoacanos conozcan y aprendan sobre la vida silvestre, es por eso que estamos en una constante capacitaci\u00f3n en todas las \u00e1reas, y cada d\u00eda brindando un mejor servicio\u201d, extern\u00f3.<\/p>\n<p>&nbsp;<\/p>\n<p>Por su parte, Javier Reyes agradeci\u00f3 las facilidades brindadas para llevar acabo las actividades con el personal del Parque Zool\u00f3gico y reconoci\u00f3 el compromiso de la instituci\u00f3n con la inclusi\u00f3n social.<\/p>\n","protected":false},"excerpt":{"rendered":"<p> Comprometido con la integraci\u00f3n familiar e inclusi\u00f3n social, el personal del Parque Zool\u00f3gico \u201cBenito Ju\u00e1rez\u201d recibe capacitaci\u00f3n por parte del Centro de Rehabilitaci\u00f3n Infantil Telet\u00f3n Michoac\u00e1n, con la finalidad de reafirmar los conocimientos y mejorar los servicios de atenci\u00f3n a personas con discapacidad.<\/p>\n","protected":false},"author":1,"featured_media":31421,"comment_status":"open","ping_status":"open","sticky":false,"template":"","format":"standard","meta":{"footnotes":""},"categories":[14,3],"tags":[],"class_list":["post-31420","post","type-post","status-publish","format-standard","has-post-thumbnail","hentry","category-destacadas","category-gobierno-del-estado-de-michoacan"],"_links":{"self":[{"href":"https:\/\/radiowebmx.com\/nota\/wp-json\/wp\/v2\/posts\/31420","targetHints":{"allow":["GET"]}}],"collection":[{"href":"https:\/\/radiowebmx.com\/nota\/wp-json\/wp\/v2\/posts"}],"about":[{"href":"https:\/\/radiowebmx.com\/nota\/wp-json\/wp\/v2\/types\/post"}],"author":[{"embeddable":true,"href":"https:\/\/radiowebmx.com\/nota\/wp-json\/wp\/v2\/users\/1"}],"replies":[{"embeddable":true,"href":"https:\/\/radiowebmx.com\/nota\/wp-json\/wp\/v2\/comments?post=31420"}],"version-history":[{"count":1,"href":"https:\/\/radiowebmx.com\/nota\/wp-json\/wp\/v2\/posts\/31420\/revisions"}],"predecessor-version":[{"id":31422,"href":"https:\/\/radiowebmx.com\/nota\/wp-json\/wp\/v2\/posts\/31420\/revisions\/31422"}],"wp:featuredmedia":[{"embeddable":true,"href":"https:\/\/radiowebmx.com\/nota\/wp-json\/wp\/v2\/media\/31421"}],"wp:attachment":[{"href":"https:\/\/radiowebmx.com\/nota\/wp-json\/wp\/v2\/media?parent=31420"}],"wp:term":[{"taxonomy":"category","embeddable":true,"href":"https:\/\/radiowebmx.com\/nota\/wp-json\/wp\/v2\/categories?post=31420"},{"taxonomy":"post_tag","embeddable":true,"href":"https:\/\/radiowebmx.com\/nota\/wp-json\/wp\/v2\/tags?post=31420"}],"curies":[{"name":"wp","href":"https:\/\/api.w.org\/{rel}","templated":true}]}}