{"id":31414,"date":"2017-02-16T12:59:45","date_gmt":"2017-02-16T18:59:45","guid":{"rendered":"https:\/\/radiowebmx.com\/nota\/?p=31414"},"modified":"2017-02-16T12:59:45","modified_gmt":"2017-02-16T18:59:45","slug":"asiste-gobernador-a-informe-del-poder-judicial","status":"publish","type":"post","link":"https:\/\/radiowebmx.com\/nota\/asiste-gobernador-a-informe-del-poder-judicial\/","title":{"rendered":"Asiste Gobernador a Informe del Poder Judicial"},"content":{"rendered":"<p><img loading=\"lazy\" decoding=\"async\" class=\"alignleft size-full wp-image-31415\" src=\"https:\/\/radiowebmx.com\/nota\/wp-content\/uploads\/2017\/02\/18248875-7e0f-4c75-85bf-fa5b39181d96.jpg\" alt=\"18248875-7e0f-4c75-85bf-fa5b39181d96\" width=\"709\" height=\"472\" srcset=\"https:\/\/radiowebmx.com\/nota\/wp-content\/uploads\/2017\/02\/18248875-7e0f-4c75-85bf-fa5b39181d96.jpg 709w, https:\/\/radiowebmx.com\/nota\/wp-content\/uploads\/2017\/02\/18248875-7e0f-4c75-85bf-fa5b39181d96-300x200.jpg 300w\" sizes=\"auto, (max-width: 709px) 100vw, 709px\" \/><\/p>\n<p>&nbsp;<\/p>\n<p><strong>Morelia, Michoac\u00e1n, a 16 de febrero de 2017.- <\/strong>El Gobernador Constitucional Silvano Aureoles Conejo asisti\u00f3 al Primer Informe de Actividades correspondiente al a\u00f1o 2016 del magistrado presidente del Poder Judicial de Michoac\u00e1n, Marco Antonio Flores Negrete.<\/p>\n<p>En las instalaciones del Supremo Tribunal de Justicia del Estado,\u00a0 Flores Negrete destac\u00f3 que durante el 2016 se garantiz\u00f3 de manera plena el acceso a la justicia para las y los michoacanos.<\/p>\n<p>Para la administraci\u00f3n de Aureoles Conejo es de suma importancia el fortalecimiento del Poder Judicial, pues de esta manera se garantiza una mejor impartici\u00f3n de la justicia.<\/p>\n","protected":false},"excerpt":{"rendered":"<p>El Gobernador Constitucional Silvano Aureoles Conejo asisti\u00f3 al Primer Informe de Actividades correspondiente al a\u00f1o 2016 del magistrado presidente del Poder Judicial de Michoac\u00e1n, Marco Antonio Flores Negrete.<\/p>\n","protected":false},"author":1,"featured_media":31415,"comment_status":"open","ping_status":"open","sticky":false,"template":"","format":"standard","meta":{"footnotes":""},"categories":[14,3],"tags":[],"class_list":["post-31414","post","type-post","status-publish","format-standard","has-post-thumbnail","hentry","category-destacadas","category-gobierno-del-estado-de-michoacan"],"_links":{"self":[{"href":"https:\/\/radiowebmx.com\/nota\/wp-json\/wp\/v2\/posts\/31414","targetHints":{"allow":["GET"]}}],"collection":[{"href":"https:\/\/radiowebmx.com\/nota\/wp-json\/wp\/v2\/posts"}],"about":[{"href":"https:\/\/radiowebmx.com\/nota\/wp-json\/wp\/v2\/types\/post"}],"author":[{"embeddable":true,"href":"https:\/\/radiowebmx.com\/nota\/wp-json\/wp\/v2\/users\/1"}],"replies":[{"embeddable":true,"href":"https:\/\/radiowebmx.com\/nota\/wp-json\/wp\/v2\/comments?post=31414"}],"version-history":[{"count":1,"href":"https:\/\/radiowebmx.com\/nota\/wp-json\/wp\/v2\/posts\/31414\/revisions"}],"predecessor-version":[{"id":31416,"href":"https:\/\/radiowebmx.com\/nota\/wp-json\/wp\/v2\/posts\/31414\/revisions\/31416"}],"wp:featuredmedia":[{"embeddable":true,"href":"https:\/\/radiowebmx.com\/nota\/wp-json\/wp\/v2\/media\/31415"}],"wp:attachment":[{"href":"https:\/\/radiowebmx.com\/nota\/wp-json\/wp\/v2\/media?parent=31414"}],"wp:term":[{"taxonomy":"category","embeddable":true,"href":"https:\/\/radiowebmx.com\/nota\/wp-json\/wp\/v2\/categories?post=31414"},{"taxonomy":"post_tag","embeddable":true,"href":"https:\/\/radiowebmx.com\/nota\/wp-json\/wp\/v2\/tags?post=31414"}],"curies":[{"name":"wp","href":"https:\/\/api.w.org\/{rel}","templated":true}]}}