{"id":31411,"date":"2017-02-16T12:56:33","date_gmt":"2017-02-16T18:56:33","guid":{"rendered":"https:\/\/radiowebmx.com\/nota\/?p=31411"},"modified":"2017-02-16T12:56:33","modified_gmt":"2017-02-16T18:56:33","slug":"michoacan-sede-de-la-reunion-anual-de-la-sociedad-medica-del-hospital-general-de-mexico","status":"publish","type":"post","link":"https:\/\/radiowebmx.com\/nota\/michoacan-sede-de-la-reunion-anual-de-la-sociedad-medica-del-hospital-general-de-mexico\/","title":{"rendered":"Michoac\u00e1n, sede de la Reuni\u00f3n Anual de la Sociedad M\u00e9dica del Hospital General de M\u00e9xico"},"content":{"rendered":"<p><img loading=\"lazy\" decoding=\"async\" class=\"alignleft size-full wp-image-31412\" src=\"https:\/\/radiowebmx.com\/nota\/wp-content\/uploads\/2017\/02\/37f8d470-f963-44c3-bcff-8c6b58133fbe.jpg\" alt=\"37f8d470-f963-44c3-bcff-8c6b58133fbe\" width=\"709\" height=\"531\" srcset=\"https:\/\/radiowebmx.com\/nota\/wp-content\/uploads\/2017\/02\/37f8d470-f963-44c3-bcff-8c6b58133fbe.jpg 709w, https:\/\/radiowebmx.com\/nota\/wp-content\/uploads\/2017\/02\/37f8d470-f963-44c3-bcff-8c6b58133fbe-300x225.jpg 300w\" sizes=\"auto, (max-width: 709px) 100vw, 709px\" \/><\/p>\n<p>&nbsp;<\/p>\n<p><strong>Morelia, Michoac\u00e1n, a 16 de febrero de 2017.-<\/strong>\u00a0El Centro de Convenciones y Exposiciones de Morelia (Ceconexpo) de Morelia es sede de la XXVI Reuni\u00f3n Anual de la Sociedad M\u00e9dica del Hospital General de M\u00e9xico \u201cDr. Eduardo Liceaga\u201d.<\/p>\n<p>Durante la inauguraci\u00f3n, realizada el mi\u00e9rcoles pasado, el director general del nosocomio, C\u00e9sar Athiel Guti\u00e9rrez, destac\u00f3 la cultura, los atractivos tur\u00edsticos y la gastronom\u00eda de Michoac\u00e1n, mientras que la presidenta de la Asociaci\u00f3n M\u00e9dica del hospital, Roc\u00edo Natalia G\u00f3mez L\u00f3pez, asever\u00f3 que la entidad es ideal para el turismo de reuniones.<\/p>\n<p>Las actividades de la XXVI Reuni\u00f3n Anual de la Sociedad M\u00e9dica del Hospital General de M\u00e9xico \u201cDr. Eduardo Liceaga\u201d concluir\u00e1n hasta el s\u00e1bado pr\u00f3ximo.<\/p>\n<p>A la inauguraci\u00f3n del evento asisti\u00f3, con la representaci\u00f3n del Gobernador Silvano Aureoles Conejo, el subdirector de Servicios de Salud de\u00a0\u00a0la Secretaria de Salud de Michoac\u00e1n, Carlos Ramos Esquivel; as\u00ed como el director general del Ceconexpo, Oscar Celis Silva, entre otros servidores p\u00fablicos.<\/p>\n","protected":false},"excerpt":{"rendered":"<p>El Centro de Convenciones y Exposiciones de Morelia (Ceconexpo) de Morelia es sede de la XXVI Reuni\u00f3n Anual de la Sociedad M\u00e9dica del Hospital General de M\u00e9xico \u201cDr. Eduardo Liceaga\u201d.<\/p>\n","protected":false},"author":1,"featured_media":31412,"comment_status":"open","ping_status":"open","sticky":false,"template":"","format":"standard","meta":{"footnotes":""},"categories":[14,3],"tags":[],"class_list":["post-31411","post","type-post","status-publish","format-standard","has-post-thumbnail","hentry","category-destacadas","category-gobierno-del-estado-de-michoacan"],"_links":{"self":[{"href":"https:\/\/radiowebmx.com\/nota\/wp-json\/wp\/v2\/posts\/31411","targetHints":{"allow":["GET"]}}],"collection":[{"href":"https:\/\/radiowebmx.com\/nota\/wp-json\/wp\/v2\/posts"}],"about":[{"href":"https:\/\/radiowebmx.com\/nota\/wp-json\/wp\/v2\/types\/post"}],"author":[{"embeddable":true,"href":"https:\/\/radiowebmx.com\/nota\/wp-json\/wp\/v2\/users\/1"}],"replies":[{"embeddable":true,"href":"https:\/\/radiowebmx.com\/nota\/wp-json\/wp\/v2\/comments?post=31411"}],"version-history":[{"count":1,"href":"https:\/\/radiowebmx.com\/nota\/wp-json\/wp\/v2\/posts\/31411\/revisions"}],"predecessor-version":[{"id":31413,"href":"https:\/\/radiowebmx.com\/nota\/wp-json\/wp\/v2\/posts\/31411\/revisions\/31413"}],"wp:featuredmedia":[{"embeddable":true,"href":"https:\/\/radiowebmx.com\/nota\/wp-json\/wp\/v2\/media\/31412"}],"wp:attachment":[{"href":"https:\/\/radiowebmx.com\/nota\/wp-json\/wp\/v2\/media?parent=31411"}],"wp:term":[{"taxonomy":"category","embeddable":true,"href":"https:\/\/radiowebmx.com\/nota\/wp-json\/wp\/v2\/categories?post=31411"},{"taxonomy":"post_tag","embeddable":true,"href":"https:\/\/radiowebmx.com\/nota\/wp-json\/wp\/v2\/tags?post=31411"}],"curies":[{"name":"wp","href":"https:\/\/api.w.org\/{rel}","templated":true}]}}