{"id":31408,"date":"2017-02-16T11:56:28","date_gmt":"2017-02-16T17:56:28","guid":{"rendered":"https:\/\/radiowebmx.com\/nota\/?p=31408"},"modified":"2017-02-16T11:56:28","modified_gmt":"2017-02-16T17:56:28","slug":"convoca-jeovana-alcantar-a-seguir-apoyando-a-ninas-y-mujeres-interesadas-en-la-ciencia","status":"publish","type":"post","link":"https:\/\/radiowebmx.com\/nota\/convoca-jeovana-alcantar-a-seguir-apoyando-a-ninas-y-mujeres-interesadas-en-la-ciencia\/","title":{"rendered":"Convoca Jeovana Alc\u00e1ntar a seguir apoyando a ni\u00f1as y mujeres interesadas en la ciencia"},"content":{"rendered":"<p class=\"x_MsoNormal\"><img loading=\"lazy\" decoding=\"async\" class=\"alignleft size-full wp-image-31409\" src=\"https:\/\/radiowebmx.com\/nota\/wp-content\/uploads\/2017\/02\/thumbnail_Comunicado-213.jpg\" alt=\"thumbnail_Comunicado 213\" width=\"709\" height=\"472\" srcset=\"https:\/\/radiowebmx.com\/nota\/wp-content\/uploads\/2017\/02\/thumbnail_Comunicado-213.jpg 709w, https:\/\/radiowebmx.com\/nota\/wp-content\/uploads\/2017\/02\/thumbnail_Comunicado-213-300x200.jpg 300w\" sizes=\"auto, (max-width: 709px) 100vw, 709px\" \/><\/p>\n<p class=\"x_MsoNormal\">\n<p class=\"x_MsoNormal\"><b>Morelia; Michoac\u00e1n, 16 febrero de 201<\/b><b>7.-<\/b> \u00a0\u00a0\u00a0A seguir fortaleciendo las acciones a favor de las mujeres, convoc\u00f3 la diputada Jeovana Alc\u00e1ntar Baca, al emitir un posicionamiento con motivo del D\u00eda Internacional de la Mujer y la Ni\u00f1a en la Ciencia.<\/p>\n<p class=\"x_MsoNormal\">Al hacer uso de la tribuna, la diputada local por el Distrito de Hidalgo, resalt\u00f3 el papel de las mujeres en nuestro pa\u00eds y en el mundo en la materia de la ciencia y record\u00f3 que en el 2015 la Asamblea General de las Naciones Unidas decidi\u00f3 proclamar el 11 de febrero como el D\u00eda Internacional de la Mujer y la Ni\u00f1a en la Ciencia.<\/p>\n<p class=\"x_MsoNormal\">\n<p class=\"x_MsoNormal\">Lo anterior a\u00f1adi\u00f3 surge con la finalidad de lograr el acceso y la participaci\u00f3n plena y equitativa en la ciencia para las mujeres y las ni\u00f1as, y adem\u00e1s para lograr la igualdad de g\u00e9nero y el empoderamiento de las mujeres y las ni\u00f1as.<\/p>\n<p class=\"x_MsoNormal\">\n<p class=\"x_MsoNormal\">Jeovana Alc\u00e1ntar subray\u00f3 que en nuestro pa\u00eds en las \u00faltimas d\u00e9cadas se ha incrementado el n\u00famero de mujeres que se dedican a la ciencia, la tecnolog\u00eda o la innovaci\u00f3n en el pa\u00eds, lo cual ha generado que estas \u00e1reas tengan un nuevo br\u00edo; en 1984 solo eran 283 mujeres que pertenec\u00edan al Sistema Nacional de Investigadores y en 2004 la cifra ascend\u00eda a 3 mil 322 y en la actualidad son m\u00e1s de 7 mil.<\/p>\n<p class=\"x_MsoNormal\">\n<p class=\"x_MsoNormal\">El aumento de mujeres interesadas en la ciencia, la tecnolog\u00eda e innovaci\u00f3n, puntualiz\u00f3 Jeovana Alc\u00e1ntar ponen a M\u00e9xico por encima de muchos pa\u00edses latinoamericanos en la inclusi\u00f3n de las mujeres y ni\u00f1as en las \u00e1reas de la ciencia, por lo que llam\u00f3 a seguir impulsando acciones para apoyarlas para que contin\u00faen desarroll\u00e1ndose plenamente en este o cualquier rubro que contribuya a su formaci\u00f3n y crecimiento.<\/p>\n<p class=\"x_MsoNormal\">\n<p class=\"x_MsoNormal\">La Diputada integrante del Grupo Parlamentario del PRD recalc\u00f3 que \u201clas mujeres en M\u00e9xico con sus diversas aportaciones han demostrado que hacer ciencia, tecnolog\u00eda e innovaci\u00f3n es cuesti\u00f3n de capacidad y talento, no de g\u00e9nero. Las Diputadas del PRD estamos a favor de que M\u00e9xico, sea una naci\u00f3n donde la igualdad entre hombres y mujeres en todo \u00e1mbito pol\u00edtico, social, econ\u00f3mico y hoy muy en especial en el campo de la ciencia sea una verdadera realidad\u201d.<\/p>\n<p class=\"x_MsoNormal\">\n<p class=\"x_MsoNormal\">Finalmente se pronunci\u00f3 por seguir impulsando acciones que beneficien a las mujeres y a los grupos vulnerables, lo cual es una prioridad, en la cual seguir\u00e1 trabajando en pro del desarrollo e igualdad.<b>\u00a0<\/b><\/p>\n","protected":false},"excerpt":{"rendered":"<p>A seguir fortaleciendo las acciones a favor de las mujeres, convoc\u00f3 la diputada Jeovana Alc\u00e1ntar Baca, al emitir un posicionamiento con motivo del D\u00eda Internacional de la Mujer y la Ni\u00f1a en la Ciencia.<\/p>\n","protected":false},"author":1,"featured_media":31409,"comment_status":"open","ping_status":"open","sticky":false,"template":"","format":"standard","meta":{"footnotes":""},"categories":[6,14,19],"tags":[],"class_list":["post-31408","post","type-post","status-publish","format-standard","has-post-thumbnail","hentry","category-congreso-del-estado","category-destacadas","category-grupo-parlamentario-del-prd"],"_links":{"self":[{"href":"https:\/\/radiowebmx.com\/nota\/wp-json\/wp\/v2\/posts\/31408","targetHints":{"allow":["GET"]}}],"collection":[{"href":"https:\/\/radiowebmx.com\/nota\/wp-json\/wp\/v2\/posts"}],"about":[{"href":"https:\/\/radiowebmx.com\/nota\/wp-json\/wp\/v2\/types\/post"}],"author":[{"embeddable":true,"href":"https:\/\/radiowebmx.com\/nota\/wp-json\/wp\/v2\/users\/1"}],"replies":[{"embeddable":true,"href":"https:\/\/radiowebmx.com\/nota\/wp-json\/wp\/v2\/comments?post=31408"}],"version-history":[{"count":1,"href":"https:\/\/radiowebmx.com\/nota\/wp-json\/wp\/v2\/posts\/31408\/revisions"}],"predecessor-version":[{"id":31410,"href":"https:\/\/radiowebmx.com\/nota\/wp-json\/wp\/v2\/posts\/31408\/revisions\/31410"}],"wp:featuredmedia":[{"embeddable":true,"href":"https:\/\/radiowebmx.com\/nota\/wp-json\/wp\/v2\/media\/31409"}],"wp:attachment":[{"href":"https:\/\/radiowebmx.com\/nota\/wp-json\/wp\/v2\/media?parent=31408"}],"wp:term":[{"taxonomy":"category","embeddable":true,"href":"https:\/\/radiowebmx.com\/nota\/wp-json\/wp\/v2\/categories?post=31408"},{"taxonomy":"post_tag","embeddable":true,"href":"https:\/\/radiowebmx.com\/nota\/wp-json\/wp\/v2\/tags?post=31408"}],"curies":[{"name":"wp","href":"https:\/\/api.w.org\/{rel}","templated":true}]}}