{"id":31405,"date":"2017-02-16T11:45:32","date_gmt":"2017-02-16T17:45:32","guid":{"rendered":"https:\/\/radiowebmx.com\/nota\/?p=31405"},"modified":"2017-02-16T11:45:32","modified_gmt":"2017-02-16T17:45:32","slug":"wlm-exhorto-a-la-comunidad-internacional-a-promover-la-paz","status":"publish","type":"post","link":"https:\/\/radiowebmx.com\/nota\/wlm-exhorto-a-la-comunidad-internacional-a-promover-la-paz\/","title":{"rendered":"WLM exhort\u00f3 a la comunidad internacional a promover la paz"},"content":{"rendered":"<p class=\"x_MsoNormal\"><img loading=\"lazy\" decoding=\"async\" class=\"alignleft size-full wp-image-31406\" src=\"https:\/\/radiowebmx.com\/nota\/wp-content\/uploads\/2017\/02\/thumbnail_Comunicado-212-1.jpg\" alt=\"thumbnail_Comunicado 212 (1)\" width=\"709\" height=\"472\" srcset=\"https:\/\/radiowebmx.com\/nota\/wp-content\/uploads\/2017\/02\/thumbnail_Comunicado-212-1.jpg 709w, https:\/\/radiowebmx.com\/nota\/wp-content\/uploads\/2017\/02\/thumbnail_Comunicado-212-1-300x200.jpg 300w\" sizes=\"auto, (max-width: 709px) 100vw, 709px\" \/><\/p>\n<p class=\"x_MsoNormal\">\n<p class=\"x_MsoNormal\"><b>Morelia; Michoac\u00e1n, 15 de febrero de 2017<\/b>.- \u00a0El diputado pri\u00edsta Wilfrido L\u00e1zaro Medina destac\u00f3 dos aspectos de trascendencia global: la Firma del Tratado de Tlatelolco, y un personaje michoacano como Don Alfonso Garc\u00eda Robles, Premio Nobel de La Paz.<\/p>\n<p class=\"x_MsoNormal\">\n<p class=\"x_MsoNormal\">Ante el Pleno del Congreso del Estado de Michoac\u00e1n record\u00f3 que el 29 de abril de 1963, los presidentes de Bolivia, Brasil, Chile, Ecuador y M\u00e9xico, hicieron una Declaraci\u00f3n Conjunta en la que se anunciaba la intenci\u00f3n de convertir a Latinoam\u00e9rica en una zona libre de armas nucleares.<\/p>\n<p class=\"x_MsoNormal\">\n<p class=\"x_MsoNormal\">Resultando as\u00ed el Tratado de Tlatelolco; El Tratado para la Proscripci\u00f3n de las Armas Nucleares en Am\u00e9rica Latina y el Caribe, firmado el 14 de febrero de 1967 en la Ciudad de M\u00e9xico.<\/p>\n<p class=\"x_MsoNormal\">\n<p class=\"x_MsoNormal\">Actualmente este Tratado es reconocido como una de las contribuciones m\u00e1s trascendentes de la Diplomacia Mexicana para la humanidad y uno de los aportes m\u00e1s importantes de Latinoam\u00e9rica en favor de la paz y la seguridad internacionales, pues estableci\u00f3 la primera zona hemisf\u00e9rica libre de armas nucleares en un territorio densamente poblado, las naciones latinoamericanas y aquellas poseedoras de armas nucleares est\u00e1n impedidas para desarrollar, producir, albergar, poseer, transferir y sobre todo, para emplear este tipo de armas en la regi\u00f3n.<\/p>\n<p class=\"x_MsoNormal\">\n<p class=\"x_MsoNormal\">El Tratado sirvi\u00f3 como referente para la creaci\u00f3n de otras cinco zonas de este tipo en las que, 115 pa\u00edses se integran hoy d\u00eda como zonas libres de armas nucleares.<\/p>\n<p class=\"x_MsoNormal\">\n<p class=\"x_MsoNormal\">El diputado tricolor mencion\u00f3 que en &#8220;este quincuag\u00e9simo aniversario de la apertura a firma del Tratado nos permite reconocer los valiosos esfuerzos que, todos estos pa\u00edses han hecho en favor de garantizar un mundo m\u00e1s seguro, estable y justo para las generaciones presentes y futuras, sin perder de vista que la ocasi\u00f3n tambi\u00e9n reclama que reflexionemos acerca de la alarmante existencia de m\u00e1s de 16 mil armas nucleares en posesi\u00f3n de unos cuantos estados&#8221;.<\/p>\n<p class=\"x_MsoNormal\">\n<p class=\"x_MsoNormal\">Por lo que exhorto a la comunidad internacional a trabajar con entusiasmo en favor de la paz y la seguridad, el desarrollo y el desarme nuclear; y asegur\u00f3 que por su parte, M\u00e9xico conforme a su tradici\u00f3n pacifista contin\u00faa impulsando el desarme y la eliminaci\u00f3n total de las armas de destrucci\u00f3n masiva.<\/p>\n<p class=\"x_MsoNormal\">\n<p class=\"x_MsoNormal\">Todo esto bajo la autor\u00eda de un personaje del servicio exterior mexicano que tuvo la visi\u00f3n y el apoyo de su gobierno para emprender esta haza\u00f1a diplom\u00e1tica Don Alfonso Garc\u00eda Robles zamorano, nacido en 1911.<\/p>\n<p class=\"x_MsoNormal\">\n<p class=\"x_MsoNormal\">L\u00e1zaro Medina resalt\u00f3 que &#8220;la memoria de su labor y sus aportaciones es lo que me lleva a reiterar mi apoyo y solicitar el de esta Soberan\u00eda, para la propuesta de mi compa\u00f1ero Diputado\u00a0 Raymundo Arreola Ortega, sobre crear la condecoraci\u00f3n que lleve el nombre del distinguido zamorano: Alfonso Garc\u00eda Robles, para reconocer los esfuerzos en favor de La Paz&#8221;, finaliz\u00f3.<\/p>\n","protected":false},"excerpt":{"rendered":"<p>El diputado pri\u00edsta Wilfrido L\u00e1zaro Medina destac\u00f3 dos aspectos de trascendencia global: la Firma del Tratado de Tlatelolco, y un personaje michoacano como Don Alfonso Garc\u00eda Robles, Premio Nobel de La Paz.<\/p>\n","protected":false},"author":1,"featured_media":31406,"comment_status":"open","ping_status":"open","sticky":false,"template":"","format":"standard","meta":{"footnotes":""},"categories":[6,14,7],"tags":[],"class_list":["post-31405","post","type-post","status-publish","format-standard","has-post-thumbnail","hentry","category-congreso-del-estado","category-destacadas","category-grupo-parlamentario-del-pri"],"_links":{"self":[{"href":"https:\/\/radiowebmx.com\/nota\/wp-json\/wp\/v2\/posts\/31405","targetHints":{"allow":["GET"]}}],"collection":[{"href":"https:\/\/radiowebmx.com\/nota\/wp-json\/wp\/v2\/posts"}],"about":[{"href":"https:\/\/radiowebmx.com\/nota\/wp-json\/wp\/v2\/types\/post"}],"author":[{"embeddable":true,"href":"https:\/\/radiowebmx.com\/nota\/wp-json\/wp\/v2\/users\/1"}],"replies":[{"embeddable":true,"href":"https:\/\/radiowebmx.com\/nota\/wp-json\/wp\/v2\/comments?post=31405"}],"version-history":[{"count":1,"href":"https:\/\/radiowebmx.com\/nota\/wp-json\/wp\/v2\/posts\/31405\/revisions"}],"predecessor-version":[{"id":31407,"href":"https:\/\/radiowebmx.com\/nota\/wp-json\/wp\/v2\/posts\/31405\/revisions\/31407"}],"wp:featuredmedia":[{"embeddable":true,"href":"https:\/\/radiowebmx.com\/nota\/wp-json\/wp\/v2\/media\/31406"}],"wp:attachment":[{"href":"https:\/\/radiowebmx.com\/nota\/wp-json\/wp\/v2\/media?parent=31405"}],"wp:term":[{"taxonomy":"category","embeddable":true,"href":"https:\/\/radiowebmx.com\/nota\/wp-json\/wp\/v2\/categories?post=31405"},{"taxonomy":"post_tag","embeddable":true,"href":"https:\/\/radiowebmx.com\/nota\/wp-json\/wp\/v2\/tags?post=31405"}],"curies":[{"name":"wp","href":"https:\/\/api.w.org\/{rel}","templated":true}]}}