{"id":31402,"date":"2017-02-16T11:43:04","date_gmt":"2017-02-16T17:43:04","guid":{"rendered":"https:\/\/radiowebmx.com\/nota\/?p=31402"},"modified":"2017-02-16T11:43:04","modified_gmt":"2017-02-16T17:43:04","slug":"diputados-develan-monumento-para-conmemorar-constitucion-de-1917","status":"publish","type":"post","link":"https:\/\/radiowebmx.com\/nota\/diputados-develan-monumento-para-conmemorar-constitucion-de-1917\/","title":{"rendered":"Diputados develan monumento para conmemorar Constituci\u00f3n de 1917"},"content":{"rendered":"<p class=\"x_MsoNormal\"><img loading=\"lazy\" decoding=\"async\" class=\"alignleft size-full wp-image-31403\" src=\"https:\/\/radiowebmx.com\/nota\/wp-content\/uploads\/2017\/02\/thumbnail_Comunicado-208-2.jpg\" alt=\"thumbnail_Comunicado 208 (2)\" width=\"709\" height=\"472\" srcset=\"https:\/\/radiowebmx.com\/nota\/wp-content\/uploads\/2017\/02\/thumbnail_Comunicado-208-2.jpg 709w, https:\/\/radiowebmx.com\/nota\/wp-content\/uploads\/2017\/02\/thumbnail_Comunicado-208-2-300x200.jpg 300w\" sizes=\"auto, (max-width: 709px) 100vw, 709px\" \/><\/p>\n<p class=\"x_MsoNormal\">\n<p class=\"x_MsoNormal\"><b>Morelia; Michoac\u00e1n, 15 de febrero de 2017<\/b>.- \u00a0\u00a0Como parte de los festejos de los cien a\u00f1os de la creaci\u00f3n de la Carta Magna de 1917, el Congreso del Estado a trav\u00e9s de la Comisi\u00f3n Especial del Centenario de la Constituci\u00f3n de 1917, develaron el monumento para conmemorar la Constituci\u00f3n de 1917 y en honor a los diputados del Congreso Constituyente.<\/p>\n<p class=\"x_MsoNormal\">En la develaci\u00f3n de la obra que fue construida por el Poder Legislativo en coordinaci\u00f3n con el Ayuntamiento de Morelia, asistieron los diputados Adriana Hern\u00e1ndez I\u00f1iguez diputada Presidente de la Junta de Coordinaci\u00f3n Pol\u00edtica del Congreso del Estado, Roberto Carlos L\u00f3pez, presidente de la Comisi\u00f3n Especial del Centenario de la Constituci\u00f3n de1917, Enrique Zepeda, H\u00e9ctor G\u00f3mez Trujillo, Jeovana Alc\u00e1ntar integrantes de la misma, Raymundo Arreola, Socorro Quintana y Roberto Maldonado; as\u00ed como Alfonso Mart\u00ednez, Presidente municipal de Morelia, Juan Antonio Maga\u00f1a de la Mora, en representaci\u00f3n del Poder Judicial y el comandante Jos\u00e9 Francisco Morales Cazares XXI Zona militar.<\/p>\n<p class=\"x_MsoNormal\">En este contexto, el diputado Enrique Zepeda integrante de la Comisi\u00f3n Especial celebr\u00f3 este tipo de acciones que realzan la labor de los constituyentes, en particular de los michoacanos que participaron en la construcci\u00f3n de una herramienta legal que por cien a\u00f1os ha dado derechos y obligaciones a los mexicanos.<\/p>\n<p class=\"x_MsoNormal\">Se\u00f1al\u00f3 que este monumento que se encuentra en el jard\u00edn ubicado entre las calles Ortega y Monta\u00f1ez, Pedro Lloreda y Juan Jos\u00e9 de Lejarza, en la capital michoacana, formar\u00e1 parte del patrimonio de los michoacanos y ser\u00e1 parte de la historia de la entidad.<\/p>\n<p class=\"x_MsoNormal\">\n","protected":false},"excerpt":{"rendered":"<p>Como parte de los festejos de los cien a\u00f1os de la creaci\u00f3n de la Carta Magna de 1917, el Congreso del Estado a trav\u00e9s de la Comisi\u00f3n Especial del Centenario de la Constituci\u00f3n de 1917, develaron el monumento para conmemorar la Constituci\u00f3n de 1917 y en honor a los diputados del Congreso Constituyente.<\/p>\n","protected":false},"author":1,"featured_media":31403,"comment_status":"open","ping_status":"open","sticky":false,"template":"","format":"standard","meta":{"footnotes":""},"categories":[6,14],"tags":[],"class_list":["post-31402","post","type-post","status-publish","format-standard","has-post-thumbnail","hentry","category-congreso-del-estado","category-destacadas"],"_links":{"self":[{"href":"https:\/\/radiowebmx.com\/nota\/wp-json\/wp\/v2\/posts\/31402","targetHints":{"allow":["GET"]}}],"collection":[{"href":"https:\/\/radiowebmx.com\/nota\/wp-json\/wp\/v2\/posts"}],"about":[{"href":"https:\/\/radiowebmx.com\/nota\/wp-json\/wp\/v2\/types\/post"}],"author":[{"embeddable":true,"href":"https:\/\/radiowebmx.com\/nota\/wp-json\/wp\/v2\/users\/1"}],"replies":[{"embeddable":true,"href":"https:\/\/radiowebmx.com\/nota\/wp-json\/wp\/v2\/comments?post=31402"}],"version-history":[{"count":1,"href":"https:\/\/radiowebmx.com\/nota\/wp-json\/wp\/v2\/posts\/31402\/revisions"}],"predecessor-version":[{"id":31404,"href":"https:\/\/radiowebmx.com\/nota\/wp-json\/wp\/v2\/posts\/31402\/revisions\/31404"}],"wp:featuredmedia":[{"embeddable":true,"href":"https:\/\/radiowebmx.com\/nota\/wp-json\/wp\/v2\/media\/31403"}],"wp:attachment":[{"href":"https:\/\/radiowebmx.com\/nota\/wp-json\/wp\/v2\/media?parent=31402"}],"wp:term":[{"taxonomy":"category","embeddable":true,"href":"https:\/\/radiowebmx.com\/nota\/wp-json\/wp\/v2\/categories?post=31402"},{"taxonomy":"post_tag","embeddable":true,"href":"https:\/\/radiowebmx.com\/nota\/wp-json\/wp\/v2\/tags?post=31402"}],"curies":[{"name":"wp","href":"https:\/\/api.w.org\/{rel}","templated":true}]}}