{"id":31394,"date":"2017-02-16T10:40:52","date_gmt":"2017-02-16T16:40:52","guid":{"rendered":"https:\/\/radiowebmx.com\/nota\/?p=31394"},"modified":"2017-02-16T10:40:52","modified_gmt":"2017-02-16T16:40:52","slug":"reitera-gobernador-a-migrantes-no-estan-solos","status":"publish","type":"post","link":"https:\/\/radiowebmx.com\/nota\/reitera-gobernador-a-migrantes-no-estan-solos\/","title":{"rendered":"Reitera Gobernador a migrantes \u201cno est\u00e1n solos\u201d"},"content":{"rendered":"<p><img loading=\"lazy\" decoding=\"async\" class=\"alignleft size-full wp-image-31395\" src=\"https:\/\/radiowebmx.com\/nota\/wp-content\/uploads\/2017\/02\/f78f884a-912d-4c15-b4c3-17d5f6d99b77.jpeg\" alt=\"f78f884a-912d-4c15-b4c3-17d5f6d99b77\" width=\"709\" height=\"472\" srcset=\"https:\/\/radiowebmx.com\/nota\/wp-content\/uploads\/2017\/02\/f78f884a-912d-4c15-b4c3-17d5f6d99b77.jpeg 709w, https:\/\/radiowebmx.com\/nota\/wp-content\/uploads\/2017\/02\/f78f884a-912d-4c15-b4c3-17d5f6d99b77-300x200.jpeg 300w\" sizes=\"auto, (max-width: 709px) 100vw, 709px\" \/><\/p>\n<p>&nbsp;<\/p>\n<p><strong>Chicago, Illinois, EU, a 15 de febrero de 2017.-<\/strong> Con un llamado a denunciar cualquier tipo de abuso a sus garant\u00edas individuales, el Gobernador Constitucional, Silvano Aureoles Conejo, se reuni\u00f3 esta noche con l\u00edderes de clubes de migrantes y familias de michoacanos que radican en esta ciudad del medio oeste norteamericano, a quienes reiter\u00f3 que \u201cno est\u00e1n solos\u201d, ya que el Gobierno de Michoac\u00e1n que encabeza hace todo lo posible porque se respeten sus derechos humanos y puedan tener oportunidades de desarrollo tanto en su estado natal, como en las ciudades a las que emigran.<\/p>\n<p>Reunidos en la Casa Michoac\u00e1n en Chicago, el mandatario estatal escuch\u00f3 de las y los connacionales sus inquietudes, preocupaciones y opiniones respecto de la coyuntura que se vive, ante la llegada de Donald J. Trump a la Presidencia de Estados Unidos.<\/p>\n<p>Aureoles Conejo recalc\u00f3 que, m\u00e1s que \u201cechar culpas\u201d y ante un contexto de \u00edndole global, su administraci\u00f3n est\u00e1 enfocada a hacer lo que le corresponde generando pol\u00edticas p\u00fablicas que acerquen mejores oportunidades de vida a las michoacanas y michoacanos, para que no tengan que abandonar su tierra en la b\u00fasqueda de bienestar.<\/p>\n<p>Aunado a ello, detall\u00f3 las cinco acciones puntuales a favor de los migrantes que anunci\u00f3 en semanas pasadas, as\u00ed como el estatus de los diez compromisos que estableci\u00f3 con la comunidad migrante desde el inicio de su Gobierno.<\/p>\n<p>El mandatario estatal dej\u00f3 en claro que Michoac\u00e1n es un estado binacional, y por ello, su trabajo es a favor de las y los ciudadanos de la entidad, pero tambi\u00e9n de quienes se encuentra fuera de sus fronteras y si desean regresar, afirm\u00f3, \u201chay las condiciones para que regresen a su tierra, los recibiremos con los brazos abiertos y dispuestos a trabajar juntos por el desarrollo de nuestro estado\u201d.<\/p>\n<p>En su intervenci\u00f3n, Artemio Arreola, presidente de la Federaci\u00f3n de Clubes Michoacanos en Illinois (Fedecmi), y quien es originario del municipio de Acuitzio, extern\u00f3 su reconocimiento al Gobernador Silvano Aureoles por ocuparse y preocuparse por los paisanos, y mantener cercan\u00eda con esta comunidad.<\/p>\n<p>A su vez, Jos\u00e9 Luis Guti\u00e9rrez, secretario del Migrante, recalc\u00f3 que el mandatario estatal est\u00e1 comprometido con la agenda binacional, de ah\u00ed que con acciones concretas, se trabaja para garantizar el respeto a los derechos de los connacionales y su desarrollo donde quiera que \u00e9stos se encuentren.<\/p>\n<p>El Gobernador Silvano Aureoles tuvo oportunidad tambi\u00e9n de escuchar algunas historias de vida de familias de migrantes, y atendi\u00f3 sus inquietudes respecto de c\u00f3mo realizar algunos tr\u00e1mites para obtener su documentaci\u00f3n oficial.<\/p>\n<p>A este encuentro acudieron migrantes originarios de los municipios de Zacapu, Santa Ana Maya, Hidalgo, Cuitzeo, Paracho, Morelos, Tac\u00e1mbaro, Car\u00e1cuaro, Zinap\u00e9cuaro, Morelia, Tar\u00edmbaro, Madero, Venustiano Carranza, Contepec, Uruapan, Apatzing\u00e1n, L\u00e1zaro C\u00e1rdenas, Penjamillo, Huandacareo y Acuitzio, por mencionar algunos.<\/p>\n","protected":false},"excerpt":{"rendered":"<p>Con un llamado a denunciar cualquier tipo de abuso a sus garant\u00edas individuales, el Gobernador Constitucional, Silvano Aureoles Conejo, se reuni\u00f3 esta noche con l\u00edderes de clubes de migrantes y familias de michoacanos que radican en esta ciudad del medio oeste norteamericano, a quienes reiter\u00f3 que \u201cno est\u00e1n solos\u201d<\/p>\n","protected":false},"author":1,"featured_media":31395,"comment_status":"open","ping_status":"open","sticky":false,"template":"","format":"standard","meta":{"footnotes":""},"categories":[14,3],"tags":[],"class_list":["post-31394","post","type-post","status-publish","format-standard","has-post-thumbnail","hentry","category-destacadas","category-gobierno-del-estado-de-michoacan"],"_links":{"self":[{"href":"https:\/\/radiowebmx.com\/nota\/wp-json\/wp\/v2\/posts\/31394","targetHints":{"allow":["GET"]}}],"collection":[{"href":"https:\/\/radiowebmx.com\/nota\/wp-json\/wp\/v2\/posts"}],"about":[{"href":"https:\/\/radiowebmx.com\/nota\/wp-json\/wp\/v2\/types\/post"}],"author":[{"embeddable":true,"href":"https:\/\/radiowebmx.com\/nota\/wp-json\/wp\/v2\/users\/1"}],"replies":[{"embeddable":true,"href":"https:\/\/radiowebmx.com\/nota\/wp-json\/wp\/v2\/comments?post=31394"}],"version-history":[{"count":1,"href":"https:\/\/radiowebmx.com\/nota\/wp-json\/wp\/v2\/posts\/31394\/revisions"}],"predecessor-version":[{"id":31396,"href":"https:\/\/radiowebmx.com\/nota\/wp-json\/wp\/v2\/posts\/31394\/revisions\/31396"}],"wp:featuredmedia":[{"embeddable":true,"href":"https:\/\/radiowebmx.com\/nota\/wp-json\/wp\/v2\/media\/31395"}],"wp:attachment":[{"href":"https:\/\/radiowebmx.com\/nota\/wp-json\/wp\/v2\/media?parent=31394"}],"wp:term":[{"taxonomy":"category","embeddable":true,"href":"https:\/\/radiowebmx.com\/nota\/wp-json\/wp\/v2\/categories?post=31394"},{"taxonomy":"post_tag","embeddable":true,"href":"https:\/\/radiowebmx.com\/nota\/wp-json\/wp\/v2\/tags?post=31394"}],"curies":[{"name":"wp","href":"https:\/\/api.w.org\/{rel}","templated":true}]}}