{"id":31388,"date":"2017-02-16T10:32:52","date_gmt":"2017-02-16T16:32:52","guid":{"rendered":"https:\/\/radiowebmx.com\/nota\/?p=31388"},"modified":"2017-02-16T10:32:52","modified_gmt":"2017-02-16T16:32:52","slug":"anuncia-alfonso-martinez-fortalecimiento-de-programas-sociales-para-tenencias-de-morelia","status":"publish","type":"post","link":"https:\/\/radiowebmx.com\/nota\/anuncia-alfonso-martinez-fortalecimiento-de-programas-sociales-para-tenencias-de-morelia\/","title":{"rendered":"Anuncia Alfonso Mart\u00ednez fortalecimiento de programas sociales para Tenencias de Morelia"},"content":{"rendered":"<p><img loading=\"lazy\" decoding=\"async\" class=\"alignleft size-full wp-image-31389\" src=\"https:\/\/radiowebmx.com\/nota\/wp-content\/uploads\/2017\/02\/255d78f2-b180-45b0-b4cf-fa06e43bab3a.jpg\" alt=\"255d78f2-b180-45b0-b4cf-fa06e43bab3a\" width=\"709\" height=\"472\" srcset=\"https:\/\/radiowebmx.com\/nota\/wp-content\/uploads\/2017\/02\/255d78f2-b180-45b0-b4cf-fa06e43bab3a.jpg 709w, https:\/\/radiowebmx.com\/nota\/wp-content\/uploads\/2017\/02\/255d78f2-b180-45b0-b4cf-fa06e43bab3a-300x200.jpg 300w\" sizes=\"auto, (max-width: 709px) 100vw, 709px\" \/><\/p>\n<p>&nbsp;<\/p>\n<p>Con el firme compromiso de emprender acciones que abonen al desarrollo social y mejoren la calidad de vida de los habitantes de las comunidades de Morelia, el Presidente Municipal, Alfonso Mart\u00ednez Alc\u00e1zar, realiz\u00f3 una gira de trabajo por la Tenencia Morelos y la comunidad de Cuanajillo de Toro, de la tenencia de Tiripet\u00edo, donde supervis\u00f3 la aplicaci\u00f3n de los programas \u201cHuerto Comunitario\u201d y \u201cEstufas Ecol\u00f3gicas\u201d.<\/p>\n<p>\u201cNo los vamos a dejar solos\u201d, afirm\u00f3 el Alcalde a las familias morelianas que habitan en ambas zonas del municipio, luego de recorrer y conocer de forma directa sus necesidades, por lo que asegur\u00f3, en pr\u00f3ximas fechas el Ayuntamiento capitalino ampliar\u00e1 la ejecuci\u00f3n de programas en dichos lugares.<\/p>\n<p>Como primer punto, en compa\u00f1\u00eda del Secretario de Desarrollo Humano y Bienestar Social, Guillermo Mar\u00edn Ch\u00e1vez; la Secretaria de Desarrollo Econ\u00f3mico y Emprendedor, Ireri Rivera Garc\u00eda; el Secretario de Efectividad e Innovaci\u00f3n Gubernamental, Antonio Plaza Urbina; as\u00ed como del Delegado del Sector Independencia, V\u00edctor Amezcua, Mart\u00ednez Alc\u00e1zar, acudi\u00f3 al Huerto Comunitario ubicado en el Ejido la Meza.<\/p>\n<p>Tras recorrer la plantaci\u00f3n, resalt\u00f3 que para el Gobierno Independiente que encabeza, es una prioridad apostar por proyectos de este tipo que fomenten el auto sustento familiar y fortalezcan la econom\u00eda local, sobre todo considerando el escenario nacional que se vive ante la llegada del nuevo presidente de Estados Unidos.<\/p>\n<p>\u201cEstos son los programas que podemos implementar y reforzar para poder reactivar nuestra econom\u00eda, el consumo local y ayudar a las familias morelianas, ya que aqu\u00ed se ve el resultado del esfuerzo, de la coordinaci\u00f3n, del trabajo en equipo y por supuesto, de ejercer e invertir bien los recursos, este es el fruto de ese trabajo, es algo que se est\u00e1 cosechando, por ello vamos a redoblar esfuerzos en acciones como estas\u201d, asegur\u00f3.<\/p>\n<p>El Jefe de la Comuna Moreliana, inform\u00f3 que en la capital michoacana se han invertido 2.4 millones de pesos en 14 Huertos Comunitarios, siendo que el Ayuntamiento destin\u00f3 la mitad de estos, y el resto fueron aportados por el Instituto Nacional de Desarrollo Social (INDESOL); esto, en beneficio directo de m\u00e1s de 500 familias morelianas.<\/p>\n<p>En su oportunidad, el se\u00f1or Roberto Cardoso Mej\u00eda, uno de los beneficiarios,\u00a0 agradeci\u00f3 y reconoci\u00f3 el inter\u00e9s del Presidente Municipal por impulsar este proyecto; \u201cante la problem\u00e1tica econ\u00f3mica que impera en el pa\u00eds, esta es una forma de salir adelante\u201d, asegur\u00f3, al tiempo que explic\u00f3 que el programa consisti\u00f3 tanto en el equipamiento del huerto como en la capacitaci\u00f3n del mismo.<\/p>\n<p>Posteriormente, Alfonso Mart\u00ednez, acudi\u00f3 a la comunidad de Cuanajillo del Toro, lugar en el que visit\u00f3 las casas de 5 familias beneficiarias con el programa de Estufas Ecol\u00f3gicas y en donde adem\u00e1s acudi\u00f3 a conocer el estanque del que se suministran de agua.<\/p>\n<p>Acompa\u00f1ado de los funcionarios municipales, el Alcalde constat\u00f3 el funcionamiento de las tambi\u00e9n llamadas Estufas Ahorradoras de Le\u00f1a, las cuales adem\u00e1s de reducir los riesgos de salud de la poblaci\u00f3n, ayudan a disminuir el impacto en el medio ambiente; precis\u00f3 que el municipio ha invertido 5 millones 189 mil 500 pesos en este programa, instalando m\u00e1s de mil 500 estufas ecol\u00f3gicas en las 14 tenencias.<\/p>\n<p>Posteriormente, acudi\u00f3 al estanque mediante el cual los habitantes de esta comunidad se suministran de agua, donde se comprometi\u00f3 a mejorar este sistema de abastecimiento tras las condiciones insalubres en las que se encuentra; afirm\u00f3 que en pr\u00f3ximos d\u00edas, instalar\u00e1n un equipo que evite la contaminaci\u00f3n del vital l\u00edquido.<\/p>\n<p>De esta manera, el Gobierno Municipal, refrenda su inter\u00e9s por mejorar las condiciones de vida de los morelianos y brindarles mejores oportunidades de desarrollo.<\/p>\n","protected":false},"excerpt":{"rendered":"<p>Con el firme compromiso de emprender acciones que abonen al desarrollo social y mejoren la calidad de vida de los habitantes de las comunidades de Morelia, el Presidente Municipal, Alfonso Mart\u00ednez Alc\u00e1zar, realiz\u00f3 una gira de trabajo por la Tenencia Morelos y la comunidad de Cuanajillo de Toro, de la tenencia de Tiripet\u00edo, donde supervis\u00f3 la aplicaci\u00f3n de los programas \u201cHuerto Comunitario\u201d y \u201cEstufas Ecol\u00f3gicas\u201d.<\/p>\n","protected":false},"author":1,"featured_media":31389,"comment_status":"open","ping_status":"open","sticky":false,"template":"","format":"standard","meta":{"footnotes":""},"categories":[14,9],"tags":[],"class_list":["post-31388","post","type-post","status-publish","format-standard","has-post-thumbnail","hentry","category-destacadas","category-morelia"],"_links":{"self":[{"href":"https:\/\/radiowebmx.com\/nota\/wp-json\/wp\/v2\/posts\/31388","targetHints":{"allow":["GET"]}}],"collection":[{"href":"https:\/\/radiowebmx.com\/nota\/wp-json\/wp\/v2\/posts"}],"about":[{"href":"https:\/\/radiowebmx.com\/nota\/wp-json\/wp\/v2\/types\/post"}],"author":[{"embeddable":true,"href":"https:\/\/radiowebmx.com\/nota\/wp-json\/wp\/v2\/users\/1"}],"replies":[{"embeddable":true,"href":"https:\/\/radiowebmx.com\/nota\/wp-json\/wp\/v2\/comments?post=31388"}],"version-history":[{"count":1,"href":"https:\/\/radiowebmx.com\/nota\/wp-json\/wp\/v2\/posts\/31388\/revisions"}],"predecessor-version":[{"id":31390,"href":"https:\/\/radiowebmx.com\/nota\/wp-json\/wp\/v2\/posts\/31388\/revisions\/31390"}],"wp:featuredmedia":[{"embeddable":true,"href":"https:\/\/radiowebmx.com\/nota\/wp-json\/wp\/v2\/media\/31389"}],"wp:attachment":[{"href":"https:\/\/radiowebmx.com\/nota\/wp-json\/wp\/v2\/media?parent=31388"}],"wp:term":[{"taxonomy":"category","embeddable":true,"href":"https:\/\/radiowebmx.com\/nota\/wp-json\/wp\/v2\/categories?post=31388"},{"taxonomy":"post_tag","embeddable":true,"href":"https:\/\/radiowebmx.com\/nota\/wp-json\/wp\/v2\/tags?post=31388"}],"curies":[{"name":"wp","href":"https:\/\/api.w.org\/{rel}","templated":true}]}}