{"id":31370,"date":"2017-02-15T15:03:20","date_gmt":"2017-02-15T21:03:20","guid":{"rendered":"https:\/\/radiowebmx.com\/nota\/?p=31370"},"modified":"2017-02-15T15:03:20","modified_gmt":"2017-02-15T21:03:20","slug":"cada-rincon-de-morelia-debe-recordarnos-algo-positivo-de-nuestra-historia-alfonso-martinez","status":"publish","type":"post","link":"https:\/\/radiowebmx.com\/nota\/cada-rincon-de-morelia-debe-recordarnos-algo-positivo-de-nuestra-historia-alfonso-martinez\/","title":{"rendered":"\u201cCada rinc\u00f3n de Morelia debe recordarnos algo positivo de nuestra historia\u201d: Alfonso Mart\u00ednez"},"content":{"rendered":"<p><img loading=\"lazy\" decoding=\"async\" class=\"alignleft size-full wp-image-31371\" src=\"https:\/\/radiowebmx.com\/nota\/wp-content\/uploads\/2017\/02\/d2b22527-a2dc-4b78-a3f1-415db086e967.jpeg\" alt=\"d2b22527-a2dc-4b78-a3f1-415db086e967\" width=\"709\" height=\"472\" srcset=\"https:\/\/radiowebmx.com\/nota\/wp-content\/uploads\/2017\/02\/d2b22527-a2dc-4b78-a3f1-415db086e967.jpeg 709w, https:\/\/radiowebmx.com\/nota\/wp-content\/uploads\/2017\/02\/d2b22527-a2dc-4b78-a3f1-415db086e967-300x200.jpeg 300w\" sizes=\"auto, (max-width: 709px) 100vw, 709px\" \/><\/p>\n<p>&nbsp;<\/p>\n<p>Como parte de las actividades conmemorativas al centenario de la promulgaci\u00f3n de la Constituci\u00f3n de 1917, el Ayuntamiento de Morelia en conjunto con Congreso del Estado, llevaron a cabo un acto c\u00edvico por la develaci\u00f3n de un monumento alusivo a tan importante fecha para nuestro pa\u00eds, y el cual fue colocado en la calle Juan Jos\u00e9 de Lejarza del Centro Hist\u00f3rico de la ciudad.<\/p>\n<p>Con la presencia de los Diputados, Adriana Hern\u00e1ndez I\u00f1iguez, Presidenta de la Junta de Coordinaci\u00f3n Pol\u00edtica del Congreso del Estado; Roberto Carlos L\u00f3pez Garc\u00eda, H\u00e9ctor G\u00f3mez Trujillo, Socorro de la Luz Quintana, Raymundo Arreola Ortega, Roberto Maldonado y el General Jos\u00e9 Francisco Morales Cazares, Comandante de la XXI Zona Militar, el Presidente Municipal de Morelia, Alfonso Mart\u00ednez Alc\u00e1zar, dijo que resulta de suma importancia para su Administraci\u00f3n el sumarse a estos festejos por el Centenario de la \u201cCarta Magna\u201d, y se pronunci\u00f3 a favor porque en cada rinc\u00f3n de la Capital Michoacana exista alg\u00fan monumento que recuerde a los morelianos momentos importantes de la historia de M\u00e9xico.<\/p>\n<p>\u201cEs digno de festejar y hacer un reconcomiendo despu\u00e9s de 100 a\u00f1os de que fuera plasmado este documento, y quiero resaltar que cada rinc\u00f3n de nuestra ciudad debe de tener un vestigio que nos recuerde a algo de nuestra historia, cada lugar del Centro Hist\u00f3rico debe ser engalanado con alg\u00fan recuerdo positivo de la misma\u201d, dijo el Alcalde.<\/p>\n<p>Asimismo, Alfonso Mart\u00ednez se mostr\u00f3 complacido por el lugar elegido para la colocaci\u00f3n del monumento, ya que ahora este espacio contar\u00e1 con un s\u00edmbolo representativo que da cuenta de la importancia de la fecha e invita a la ciudadan\u00eda a recordar el momento en que fueron plasmadas las garant\u00edas que nos otorgan libertad como ciudadanos, raz\u00f3n por la cual el pilar cuenta con unas cadenas rotas en su caratula.<\/p>\n<p>Por su parte el Diputado Enrique Zepeda Ontiveros, dijo que el monumento formar\u00e1 parte del patrimonio de los Michoacanos, erigido para conmemorar el centenario de la Constituci\u00f3n de 1917 y como homenaje a los diputados que formaron parte del Congreso Constituyente.<\/p>\n<p>Dicho monumento, fue construido a base de cantera para simbolizar el pilar solido en el que descansa la sociedad como lo es la Carta Magna, el Ayuntamiento de Morelia contribuy\u00f3 con la elaboraci\u00f3n del proyecto, maquinaria para su instalaci\u00f3n y las gestiones pertinentes ante el Instituto Nacional de Antropolog\u00eda e Historia (INAH).<\/p>\n<p>Culminando la develaci\u00f3n del monumento las autoridades presentes realizaron tambi\u00e9n un dep\u00f3sito de ofrenda y una guardia de honor al mismo.<\/p>\n","protected":false},"excerpt":{"rendered":"<p>Como parte de las actividades conmemorativas al centenario de la promulgaci\u00f3n de la Constituci\u00f3n de 1917, el Ayuntamiento de Morelia en conjunto con Congreso del Estado, llevaron a cabo un acto c\u00edvico por la develaci\u00f3n de un monumento alusivo a tan importante fecha para nuestro pa\u00eds, y el cual fue colocado en la calle Juan Jos\u00e9 de Lejarza del Centro Hist\u00f3rico de la ciudad.<\/p>\n","protected":false},"author":1,"featured_media":31371,"comment_status":"open","ping_status":"open","sticky":false,"template":"","format":"standard","meta":{"footnotes":""},"categories":[14,9],"tags":[],"class_list":["post-31370","post","type-post","status-publish","format-standard","has-post-thumbnail","hentry","category-destacadas","category-morelia"],"_links":{"self":[{"href":"https:\/\/radiowebmx.com\/nota\/wp-json\/wp\/v2\/posts\/31370","targetHints":{"allow":["GET"]}}],"collection":[{"href":"https:\/\/radiowebmx.com\/nota\/wp-json\/wp\/v2\/posts"}],"about":[{"href":"https:\/\/radiowebmx.com\/nota\/wp-json\/wp\/v2\/types\/post"}],"author":[{"embeddable":true,"href":"https:\/\/radiowebmx.com\/nota\/wp-json\/wp\/v2\/users\/1"}],"replies":[{"embeddable":true,"href":"https:\/\/radiowebmx.com\/nota\/wp-json\/wp\/v2\/comments?post=31370"}],"version-history":[{"count":1,"href":"https:\/\/radiowebmx.com\/nota\/wp-json\/wp\/v2\/posts\/31370\/revisions"}],"predecessor-version":[{"id":31372,"href":"https:\/\/radiowebmx.com\/nota\/wp-json\/wp\/v2\/posts\/31370\/revisions\/31372"}],"wp:featuredmedia":[{"embeddable":true,"href":"https:\/\/radiowebmx.com\/nota\/wp-json\/wp\/v2\/media\/31371"}],"wp:attachment":[{"href":"https:\/\/radiowebmx.com\/nota\/wp-json\/wp\/v2\/media?parent=31370"}],"wp:term":[{"taxonomy":"category","embeddable":true,"href":"https:\/\/radiowebmx.com\/nota\/wp-json\/wp\/v2\/categories?post=31370"},{"taxonomy":"post_tag","embeddable":true,"href":"https:\/\/radiowebmx.com\/nota\/wp-json\/wp\/v2\/tags?post=31370"}],"curies":[{"name":"wp","href":"https:\/\/api.w.org\/{rel}","templated":true}]}}