{"id":31367,"date":"2017-02-15T15:01:10","date_gmt":"2017-02-15T21:01:10","guid":{"rendered":"https:\/\/radiowebmx.com\/nota\/?p=31367"},"modified":"2017-02-15T15:01:10","modified_gmt":"2017-02-15T21:01:10","slug":"la-uveu-de-tepalcatepec-sera-una-de-las-mejores-del-estado-univim","status":"publish","type":"post","link":"https:\/\/radiowebmx.com\/nota\/la-uveu-de-tepalcatepec-sera-una-de-las-mejores-del-estado-univim\/","title":{"rendered":"La UVEU de Tepalcatepec ser\u00e1 una de las mejores del estado: Univim"},"content":{"rendered":"<p><img loading=\"lazy\" decoding=\"async\" class=\"alignleft size-full wp-image-31368\" src=\"https:\/\/radiowebmx.com\/nota\/wp-content\/uploads\/2017\/02\/b45aef18-4f7e-4466-a81e-a9ee3697f329.jpg\" alt=\"b45aef18-4f7e-4466-a81e-a9ee3697f329\" width=\"709\" height=\"472\" srcset=\"https:\/\/radiowebmx.com\/nota\/wp-content\/uploads\/2017\/02\/b45aef18-4f7e-4466-a81e-a9ee3697f329.jpg 709w, https:\/\/radiowebmx.com\/nota\/wp-content\/uploads\/2017\/02\/b45aef18-4f7e-4466-a81e-a9ee3697f329-300x200.jpg 300w\" sizes=\"auto, (max-width: 709px) 100vw, 709px\" \/><\/p>\n<p>&nbsp;<\/p>\n<p><strong>Morelia, Michoac\u00e1n, a 15 de febrero de 2017.-<\/strong> Tras la instalaci\u00f3n de la Unidad Virtual de Extensi\u00f3n Universitaria (UVEU) de la Universidad Virtual del Estado de Michoac\u00e1n (Univim) en Tepalcatepec, los asesores Momar Alexandro Madrigal Valencia y Salvador Floreo Madriz fueron capacitados para atender a las y los estudiantes de la instituci\u00f3n en dicho municipio.<\/p>\n<p>&nbsp;<\/p>\n<p>Al darles la bienvenida, la rectora de la Univim, Silvia Mendoza Valenzuela, agradeci\u00f3 a los asesores de la UVEU el inter\u00e9s y compromiso adquirido con los habitantes de Tepalcatepec, lo cual se ver\u00e1 reflejado en una mejor calidad de vida gracias a las oportunidades que la educaci\u00f3n genera.<\/p>\n<p>&nbsp;<\/p>\n<p>Por su parte, los asesores se comprometieron a convertir dicho espacio educativo en uno de los mejores de la entidad, as\u00ed como a brindar todo el apoyo necesario a las personas que desean continuar sus estudios de licenciatura y posgrado en la Univim.<\/p>\n<p>&nbsp;<\/p>\n<p>Como parte de los compromisos asumidos por el Gobierno del Estado, que encabeza Silvano Aureoles Conejo, con los habitantes de Tepalcatepec, fueron capacitados los asesores de la UVEU con el objetivo de que brinden atenci\u00f3n de calidad a los estudiantes.<\/p>\n<p>&nbsp;<\/p>\n<p>Adem\u00e1s, los asesores recibieron informaci\u00f3n detallada sobre los programas de licenciatura, maestr\u00eda y doctorado de la Univim, el diagrama operativo de la UVEU y material de difusi\u00f3n como tr\u00edpticos y carteles, los cuales ser\u00e1n distribuidos entre los estudiantes del nivel medio superior y ciudadanos en general interesados en continuar con su preparaci\u00f3n superior y de posgrado.<\/p>\n<p>&nbsp;<\/p>\n<p>La UVEU de Tepalcatepec cuenta con 15 equipos de c\u00f3mputo, los cuales tienen acceso gratuito a Internet y podr\u00e1n ser utilizados por las y los alumnos de la Univim en diferentes horas del d\u00eda para realizar sus estudios y aclarar dudas, ya que cuentan con el acompa\u00f1amiento de los asesores, tutores y mesa de ayuda de la instituci\u00f3n.<\/p>\n","protected":false},"excerpt":{"rendered":"<p>Tras la instalaci\u00f3n de la Unidad Virtual de Extensi\u00f3n Universitaria (UVEU) de la Universidad Virtual del Estado de Michoac\u00e1n (Univim) en Tepalcatepec, los asesores Momar Alexandro Madrigal Valencia y Salvador Floreo Madriz fueron capacitados para atender a las y los estudiantes de la instituci\u00f3n en dicho municipio.<\/p>\n","protected":false},"author":1,"featured_media":31368,"comment_status":"open","ping_status":"open","sticky":false,"template":"","format":"standard","meta":{"footnotes":""},"categories":[14,9],"tags":[],"class_list":["post-31367","post","type-post","status-publish","format-standard","has-post-thumbnail","hentry","category-destacadas","category-morelia"],"_links":{"self":[{"href":"https:\/\/radiowebmx.com\/nota\/wp-json\/wp\/v2\/posts\/31367","targetHints":{"allow":["GET"]}}],"collection":[{"href":"https:\/\/radiowebmx.com\/nota\/wp-json\/wp\/v2\/posts"}],"about":[{"href":"https:\/\/radiowebmx.com\/nota\/wp-json\/wp\/v2\/types\/post"}],"author":[{"embeddable":true,"href":"https:\/\/radiowebmx.com\/nota\/wp-json\/wp\/v2\/users\/1"}],"replies":[{"embeddable":true,"href":"https:\/\/radiowebmx.com\/nota\/wp-json\/wp\/v2\/comments?post=31367"}],"version-history":[{"count":1,"href":"https:\/\/radiowebmx.com\/nota\/wp-json\/wp\/v2\/posts\/31367\/revisions"}],"predecessor-version":[{"id":31369,"href":"https:\/\/radiowebmx.com\/nota\/wp-json\/wp\/v2\/posts\/31367\/revisions\/31369"}],"wp:featuredmedia":[{"embeddable":true,"href":"https:\/\/radiowebmx.com\/nota\/wp-json\/wp\/v2\/media\/31368"}],"wp:attachment":[{"href":"https:\/\/radiowebmx.com\/nota\/wp-json\/wp\/v2\/media?parent=31367"}],"wp:term":[{"taxonomy":"category","embeddable":true,"href":"https:\/\/radiowebmx.com\/nota\/wp-json\/wp\/v2\/categories?post=31367"},{"taxonomy":"post_tag","embeddable":true,"href":"https:\/\/radiowebmx.com\/nota\/wp-json\/wp\/v2\/tags?post=31367"}],"curies":[{"name":"wp","href":"https:\/\/api.w.org\/{rel}","templated":true}]}}