{"id":31292,"date":"2017-02-14T10:55:03","date_gmt":"2017-02-14T16:55:03","guid":{"rendered":"https:\/\/radiowebmx.com\/nota\/?p=31292"},"modified":"2017-02-14T10:55:03","modified_gmt":"2017-02-14T16:55:03","slug":"temas-de-cafe-612","status":"publish","type":"post","link":"https:\/\/radiowebmx.com\/nota\/temas-de-cafe-612\/","title":{"rendered":"TEMAS DE CAF\u00c9"},"content":{"rendered":"<p>+ EL BUEN EJEMPLO DE MANCERA<\/p>\n<p>+ EL CCEM, DE MANUEL NOCETTI<\/p>\n<p>+ LOS APOYOS PARA MIGRANTES<\/p>\n<p>+ EJIDATARIOS DE CUITZEO VENDEN<\/p>\n<p>Por Juan Manuel BELMONTE<\/p>\n<p>El jefe de gobierno en la ciudad de M\u00e9xico Miguel Angel Mancera, ha puesto un buen ejemplo para los funcionarios, que apoyan el proyecto de Manuel L\u00f3pez Obrador, ya que en cuanto se dio cuenta que su secretario de Turismo, apoyaba a Amlo le solicit\u00f3 la renuncia en forma inmediata, aunque Miguel Torruco en su cuenta de Twitter, dio a conocer que no lo hab\u00edan\u00a0 despedido, sino que present\u00f3 su renuncia y es que un medio informativo, nacional dio a conocer que el secretario\u00a0 de turismo de la Ciudad de M\u00e9xico, estaba apoyando el proyecto de Amlo que l\u00f3gicamente, es contrario al que pretende Miguel Angel Mancera, as\u00ed consideramos justo y necesario que el gobierno de Silvano Aureoles, haga exactamente lo mismo porque cada vez m\u00e1s, Silvano Aureoles se posiciona en las encuestas nacionales, como firme aspirante a la candidatura de la izquierda al gobierno de M\u00e9xico.<\/p>\n<p>VARIOS INTEGRANTES DE LA CORRIENTE DE FIDEL<\/p>\n<p>Tenemos por ejemplo que hay varios integrantes\u00a0 de la corriente, que encabeza Fidel Calder\u00f3n incrustados en la administraci\u00f3n estatal, que l\u00f3gicamente no tienen la camiseta bien puesta en el gobierno de Silvano, por lo cual ser\u00eda bueno que se fueran a respaldar a Amlo, como lo hace actualmente su dirigente Fidel Calder\u00f3n, reiteramos el ejemplo de Mancera es bueno porque hay momentos, en que es necesario definirse y creemos, que estamos llegando a esos tiempos en la entidad, no solamente en el PRD sino en todos los partidos, tanto en el PRI como en el PAN.<\/p>\n<p>JUAN PABLO TAMBIEN DEBE DEJAR LA COORDINACION<\/p>\n<p>Desde un principio les comentamos que no se entend\u00eda, el por qu\u00e9 Juan Pablo Puebla hab\u00eda sido elegido como coordinador, de la bancada perredista en el Congreso, toda vez que el Frente Amplio Progresista de Fidel Calder\u00f3n, solamente ten\u00eda dos elementos en la bancada perredista, Juan Pablo Puebla y Nayeli la legisladora de L\u00e1zaro C\u00e1rdenas, que se pudiera encargar si Juan Pablo deja, la coordinaci\u00f3n tendr\u00e1 que pasar a Nayelli.<\/p>\n<p>Pero reiteramos el Frente no merece tener la coordinaci\u00f3n, porque solamente tienen dos lo cual consideramos es necesario, que el coordinador sea de la corriente de la ADN, ya que el Foro Nuevo\u00a0 Sol la tuvo el a\u00f1o pasado, en la persona de Pascual Sigala quien la dej\u00f3, para convertirse en presidente de la mesa directiva del Congreso, porque es necesario que cada quien act\u00fae, de acuerdo a sus querencias pol\u00edticas y que le vaya bien.<\/p>\n<p>SI PUEDEN \u00bfPORQUE NO JUEGAN SIEMPRE ASI?<\/p>\n<p>Le hemos dado seguimiento al equipo Morelia de futbol, porque en esta ciudad y en el estado hay una noble afici\u00f3n al futbol, que la verdad no se merece sufrir tanto, por los errores tanto de la directiva como de los entrenadores, los jugadores y como usted sabe el Morelia o Monarcas, como quiera usted se encuentra en lo que se llama el s\u00f3tano, con serio peligro de irse a la divisi\u00f3n de ascenso, despu\u00e9s de varias temporadas mal.<\/p>\n<p>El domingo jugaron en Chiapas con Jaguares que hab\u00eda vencido, a dos grandes como es el Toluca y el Am\u00e9rica as\u00ed que hab\u00eda temor, de que el Morelia fuera derrotado por los Jaguares, pero sin entrenador de renombre porque nadie quiso venir, a correr el riesgo de hundir m\u00e1s al equipo y destruir su prestigio, cobardes pues pero apoyados por la afici\u00f3n la cual los despidi\u00f3, con porras el equipo guiado por Roberto \u2019Hern\u00e1ndez,\u00a0 derrot\u00f3 a los Jaguares con toda la suerte del mundo ya que el portero fue el h\u00e9roe, no solamente detuvo \u00a0los disparos peligrosos sino hasta un penal.<\/p>\n<p>MANUEL NOCETTI DUE\u00d1O DEL CCEM<\/p>\n<p>Llegaron los tiempos para la renovaci\u00f3n del Consejo Coordinador Empresarial de Michoac\u00e1n, que no tiene nada que ver con el CCE nacional, desde hace varios a\u00f1os les quitaron la patente, as\u00ed que el Consejo Coordinador Empresarial de Michoac\u00e1n, y no solamente sucedi\u00f3 eso sino que varios integrantes en el estado, se les han estado yendo porque no encuentran ni\u00a0 un atractivo, pertenecer a esta agrupaci\u00f3n pero por lo menos ha sido, referente en algunos aspectos de esta manera tenemos, que hay tres aspirantes para presidirlo ahora que Arcadio M\u00e9ndez, deje de encabezarlo en unos d\u00edas m\u00e1s.<\/p>\n<p>AGUSTIN ARRIAGA, CLOVIS Y GILBERTO MORELOS<\/p>\n<p>Desde hace varios a\u00f1as el Consejo Coordinador Empresarial de Michoac\u00e1n,\u00a0 ha sido propiedad de Manuel Nocetti, por ello ha puesto a quienes lo presiden precisamente por esta cuesti\u00f3n, recordar\u00e1 usted que hace unos d\u00edas en una reuni\u00f3n de los empresarios, integrados en este\u00a0 organismo no dejaron ingresar a Clovis Remusat quien aspira a suceder a Arcadio M\u00e9ndez.<\/p>\n<p>Porque Manuel Nocetti simplemente no lo quiere, a quien apoya es Agust\u00edn Arriaga quien preside, la Asociaci\u00f3n de Hoteles\u00a0\u00a0 y Moteles de Michoac\u00e1n, organismo que tambi\u00e9n no crea es la gran cosa, porque de m\u00e1s de 800 hoteles y moteles que hay,\u00a0 en la entidad este organismo por lo menos agrupa a unos 90 no m\u00e1s, pero creemos que Manuel lo apoya solamente porque tiene antecedencia, ya que es hijo del ex gobernador del estado Agust\u00edn Arriaga Rivera.<\/p>\n<p>EL GEISER ESTA EN TIERRAS EJIDALES DE CUITZEO<\/p>\n<p>Seguramente\u00a0 usted sabe del g\u00e9iser que apareci\u00f3 en tierras, del ejido de Cuitzeo del Porvenir hace\u00a0 ya algunas semanas, porque se ha\u00a0 dicho en varias ocasiones que est\u00e1 en tierras, de San Agust\u00edn del Ma\u00edz que pertenece al municipio de Cop\u00e1ndaro, y no es as\u00ed la cuesti\u00f3n es que usted debe saber que en la cercan\u00edas, de la laguna de Cuitzeo ancestralmente hay nacimientos,\u00a0 de aguas termales y justo donde dicen que apareci\u00f3 el g\u00e9iser, la gente de las cercan\u00edas iba a pelar cerdos y pollos y en ocasiones a cocer elotes.<\/p>\n<p>La gente interesada de Cuitzeo en cuestiones ambientales, denunciaron este hecho en la Profepa porque dejaban las v\u00edsceras, y basura en el lugar justo ah\u00ed es donde los compradores recientes, de las tierras ejidales trataron de perforar, para lograr mayor cantidad de agua, ya que pensaban construir un balneario, los ejidatarios vendieron su parte de la tierra con agua termal, en cinco mil pesos por esos los ejidatarios en su mayor\u00eda en M\u00e9xico, est\u00e1n pobres por ser as\u00ed de sencillos f\u00e1ciles de enga\u00f1ar.<\/p>\n<p>BALNEARIOS DE SAN JUAN TARARAMEO SIN AGUA<\/p>\n<p>Desde luego toda esa agua caliente que sale en el g\u00e9iser, dej\u00f3 secos los nacimientos de aguas termales que hab\u00eda, en San Juan Tararameo ah\u00ed nada m\u00e1s a unos cuantos metros, pasando la carretera Morelia-Cuitzeo antes de llegar a la calzada, que no es de cuota por esta raz\u00f3n los ejidatarios que han sido afectados, el 15 o sea ma\u00f1ana estar\u00e1n con la delegada de la Profepa, Thalia Coria en las oficinas de Conagua que atiende Oswaldo Rodr\u00edguez.<\/p>\n<p>Para poner su queja aunque en verdad no sabemos c\u00f3mo, se le pueda reponer el agua a los de San Juan,\u00a0 es posible que se sancionen a los due\u00f1os de esas tierras, que intentaron lograr m\u00e1s agua porque\u00a0 puede ser que Conagua, les haya autorizado esa acci\u00f3n ahora que si en verdad tienen el permiso, se le deben hacer cargos al delegado por sus torpeza, y no pensar que el agua que quer\u00edan dem\u00e1s, se la podr\u00edan quitar alguien m\u00e1s. \u00bfVaya caso no?.<\/p>\n<p>EN EDOMEX PULVERIZAN EL VOTO<\/p>\n<p>La estrategia del PRI est\u00e1 resultando en\u00a0 el Estado de M\u00e9xico, de acuerdo a la \u00faltima encuesta realizada por el Universal, con un margen de error de un 3.1 muestra un empate t\u00e9cnico, entre los aspirantes por el PRI Alfredo del Mazo, con un 19.8 mientras que Josefina V\u00e1zquez Mota tendr\u00eda un 19.6 por ciento, y\u00a0 Delfina G\u00f3mez de Morena un 17.8 faltando el PRD que se llevar\u00eda, tal vez un 12 por ciento, con lo cual se lograr\u00eda lo que espera el PRI, pulverizar el voto y en este escenario pol\u00edtico el PRI podr\u00eda salir vencedor, en las elecciones de junio de este a\u00f1o.<\/p>\n<p>LOS MIGRANTES NO QUIEREN REGRESAR<\/p>\n<p>Los michoacanos migrantes lo que menos quieren es regresar, si se fueron fue porque aqu\u00ed no encontraron posibilidades, de un empleo digno y bien remunerado as\u00ed que cuando, les dicen que les ayudar\u00e1n ac\u00e1 no les gusta no quieren volver, lo que quieren es\u00a0 ayuda para mantenerse all\u00e1, por eso les hemos comentado que deben ayudarlos, a elevar su preparaci\u00f3n\u00a0 y capacitaci\u00f3n para\u00a0 el trabajo y desde luego, lograr sus legalizaci\u00f3n en el pa\u00eds del norte, pero regresar claro que no.<\/p>\n","protected":false},"excerpt":{"rendered":"<p>+ EL BUEN EJEMPLO DE MANCERA<br \/>\n+ EL CCEM, DE MANUEL NOCETTI<br \/>\n+ LOS APOYOS PARA MIGRANTES<br \/>\n+ EJIDATARIOS DE CUITZEO VENDEN<\/p>\n","protected":false},"author":1,"featured_media":0,"comment_status":"open","ping_status":"open","sticky":false,"template":"","format":"standard","meta":{"footnotes":""},"categories":[4,10],"tags":[],"class_list":["post-31292","post","type-post","status-publish","format-standard","hentry","category-columnistas","category-juan-manuel-belmonte"],"_links":{"self":[{"href":"https:\/\/radiowebmx.com\/nota\/wp-json\/wp\/v2\/posts\/31292","targetHints":{"allow":["GET"]}}],"collection":[{"href":"https:\/\/radiowebmx.com\/nota\/wp-json\/wp\/v2\/posts"}],"about":[{"href":"https:\/\/radiowebmx.com\/nota\/wp-json\/wp\/v2\/types\/post"}],"author":[{"embeddable":true,"href":"https:\/\/radiowebmx.com\/nota\/wp-json\/wp\/v2\/users\/1"}],"replies":[{"embeddable":true,"href":"https:\/\/radiowebmx.com\/nota\/wp-json\/wp\/v2\/comments?post=31292"}],"version-history":[{"count":1,"href":"https:\/\/radiowebmx.com\/nota\/wp-json\/wp\/v2\/posts\/31292\/revisions"}],"predecessor-version":[{"id":31293,"href":"https:\/\/radiowebmx.com\/nota\/wp-json\/wp\/v2\/posts\/31292\/revisions\/31293"}],"wp:attachment":[{"href":"https:\/\/radiowebmx.com\/nota\/wp-json\/wp\/v2\/media?parent=31292"}],"wp:term":[{"taxonomy":"category","embeddable":true,"href":"https:\/\/radiowebmx.com\/nota\/wp-json\/wp\/v2\/categories?post=31292"},{"taxonomy":"post_tag","embeddable":true,"href":"https:\/\/radiowebmx.com\/nota\/wp-json\/wp\/v2\/tags?post=31292"}],"curies":[{"name":"wp","href":"https:\/\/api.w.org\/{rel}","templated":true}]}}