{"id":3128,"date":"2013-07-11T12:01:24","date_gmt":"2013-07-11T17:01:24","guid":{"rendered":"https:\/\/radiowebmx.com\/nota\/?p=3128"},"modified":"2013-07-11T12:01:24","modified_gmt":"2013-07-11T17:01:24","slug":"se-reune-mauro-ramon-ballesteros-con-funcionarios-de-buenavista-tomatlan","status":"publish","type":"post","link":"https:\/\/radiowebmx.com\/nota\/se-reune-mauro-ramon-ballesteros-con-funcionarios-de-buenavista-tomatlan\/","title":{"rendered":"SE RE\u00daNE MAURO RAM\u00d3N BALLESTEROS CON FUNCIONARIOS DE BUENAVISTA TOMATL\u00c1N"},"content":{"rendered":"<p>En cumplimiento a la instrucci\u00f3n del gobernador Jes\u00fas Reyna Garc\u00eda de dar seguimiento puntual y fortalecer la Estrategia Integral en este municipio, el secretario de Urbanismo y Medio Ambiente del estado, Mauro Ram\u00f3n Ballesteros Figueroa, sostuvo una reuni\u00f3n con funcionarios del Ayuntamiento de Buenavista en donde se acord\u00f3 la realizaci\u00f3n de varias obras sociales.<\/p>\n<p>Entre las acciones a emprender al corto y mediano plazo, destacan la introducci\u00f3n de agua potable en varias colonias y ejidos, red de alumbrado p\u00fablico, recuperaci\u00f3n de niveles de agua de tres pozos, construcci\u00f3n de un colector pluvial, conclusi\u00f3n de algunas plantas de tratamiento, pavimentaci\u00f3n de varias calles, regularizaci\u00f3n de asentamientos, entre otras.<\/p>\n<p>En reuni\u00f3n con regidores y funcionarios encabezados por el secretario Roberto Mayorqu\u00edn Torres, el representante del mandatario estatal tom\u00f3 nota de las acciones de mayor prioridad, de acuerdo a lo se\u00f1alado por los responsables de las diversas \u00e1reas municipales.<\/p>\n<p>Tambi\u00e9n se inform\u00f3 de la necesidad de mejorar las \u00e1reas de esparcimiento y emprender m\u00e1s actividades de capacitaci\u00f3n, que vengan a constituir oportunidades de aprendizaje de oficios para j\u00f3venes y adultos, a fin de evitar vicios y otras actitudes negativas.<\/p>\n<p>En dicho encuentro tambi\u00e9n encabezado por el director de Gobernaci\u00f3n, Juan Carlos Becerra Beltr\u00e1n y el coordinador de la Comisi\u00f3n Estatal del Agua y Gesti\u00f3n de Cuencas, Ramiro Guzm\u00e1n Rodr\u00edguez, Ballesteros Figueroa, expuso que la instrucci\u00f3n que se le encomend\u00f3 es establecer un enlace permanente con habitantes y autoridades locales, a fin de ver por el desarrollo y b\u00fasqueda de un mejor clima social en el municipio.<\/p>\n<p>Resalt\u00f3 adem\u00e1s que se tendr\u00e1 el acercamiento con los titulares de las diversas instancias estatales y con las representaciones federales, a fin de establecer un di\u00e1logo directo y de detecci\u00f3n de necesidades sociales.<\/p>\n<p>El titular de la SUMA se\u00f1al\u00f3 la disposici\u00f3n del gobierno de Michoac\u00e1n por trabajar de cerca con habitantes y autoridades municipales, adem\u00e1s de establecer una mesa de trabajo para escuchar todo tipo de solicitudes y planteamientos de sus pobladores.<\/p>\n<p>En tanto que el director de Gobernaci\u00f3n, Juan Carlos Becerra, se\u00f1al\u00f3 que debe existir una total coordinaci\u00f3n entre el representante del mandatario estatal y autoridades locales, a fin de llegar a mejores acuerdos sobre las acciones a realizar. En ello mismo tambi\u00e9n coincidi\u00f3 el coordinador de la CEAGC Ramiro Guzm\u00e1n, al destacar que habr\u00e1 colaboraci\u00f3n para participar en la realizaci\u00f3n de m\u00e1s obras y acciones de beneficio para Buenavista Tomatl\u00e1n.<\/p>\n","protected":false},"excerpt":{"rendered":"<p>En cumplimiento a la instrucci\u00f3n del gobernador Jes\u00fas Reyna Garc\u00eda de dar seguimiento puntual y fortalecer la Estrategia Integral en este municipio, el secretario de Urbanismo y Medio Ambiente del estado<\/p>\n","protected":false},"author":1,"featured_media":0,"comment_status":"open","ping_status":"open","sticky":false,"template":"","format":"standard","meta":{"footnotes":""},"categories":[14,3],"tags":[],"class_list":["post-3128","post","type-post","status-publish","format-standard","hentry","category-destacadas","category-gobierno-del-estado-de-michoacan"],"_links":{"self":[{"href":"https:\/\/radiowebmx.com\/nota\/wp-json\/wp\/v2\/posts\/3128","targetHints":{"allow":["GET"]}}],"collection":[{"href":"https:\/\/radiowebmx.com\/nota\/wp-json\/wp\/v2\/posts"}],"about":[{"href":"https:\/\/radiowebmx.com\/nota\/wp-json\/wp\/v2\/types\/post"}],"author":[{"embeddable":true,"href":"https:\/\/radiowebmx.com\/nota\/wp-json\/wp\/v2\/users\/1"}],"replies":[{"embeddable":true,"href":"https:\/\/radiowebmx.com\/nota\/wp-json\/wp\/v2\/comments?post=3128"}],"version-history":[{"count":1,"href":"https:\/\/radiowebmx.com\/nota\/wp-json\/wp\/v2\/posts\/3128\/revisions"}],"predecessor-version":[{"id":3129,"href":"https:\/\/radiowebmx.com\/nota\/wp-json\/wp\/v2\/posts\/3128\/revisions\/3129"}],"wp:attachment":[{"href":"https:\/\/radiowebmx.com\/nota\/wp-json\/wp\/v2\/media?parent=3128"}],"wp:term":[{"taxonomy":"category","embeddable":true,"href":"https:\/\/radiowebmx.com\/nota\/wp-json\/wp\/v2\/categories?post=3128"},{"taxonomy":"post_tag","embeddable":true,"href":"https:\/\/radiowebmx.com\/nota\/wp-json\/wp\/v2\/tags?post=3128"}],"curies":[{"name":"wp","href":"https:\/\/api.w.org\/{rel}","templated":true}]}}