{"id":31279,"date":"2017-02-14T10:42:07","date_gmt":"2017-02-14T16:42:07","guid":{"rendered":"https:\/\/radiowebmx.com\/nota\/?p=31279"},"modified":"2017-02-14T10:42:07","modified_gmt":"2017-02-14T16:42:07","slug":"rinden-protesta-de-titulacion-alumnos-de-la-univim","status":"publish","type":"post","link":"https:\/\/radiowebmx.com\/nota\/rinden-protesta-de-titulacion-alumnos-de-la-univim\/","title":{"rendered":"Rinden protesta de titulaci\u00f3n alumnos de la Univim"},"content":{"rendered":"<p><img loading=\"lazy\" decoding=\"async\" class=\"alignleft size-full wp-image-31281\" src=\"https:\/\/radiowebmx.com\/nota\/wp-content\/uploads\/2017\/02\/bcfb2992-0a16-4ece-b298-363cda7cb66d.jpeg\" alt=\"bcfb2992-0a16-4ece-b298-363cda7cb66d\" width=\"709\" height=\"515\" srcset=\"https:\/\/radiowebmx.com\/nota\/wp-content\/uploads\/2017\/02\/bcfb2992-0a16-4ece-b298-363cda7cb66d.jpeg 709w, https:\/\/radiowebmx.com\/nota\/wp-content\/uploads\/2017\/02\/bcfb2992-0a16-4ece-b298-363cda7cb66d-300x218.jpeg 300w\" sizes=\"auto, (max-width: 709px) 100vw, 709px\" \/><\/p>\n<p>&nbsp;<\/p>\n<p><strong>Morelia, Michoac\u00e1n, a 13 de febrero de 2017.-\u00a0<\/strong>Este lunes, once estudiantes de las diferentes Licenciaturas de la Universidad Virtual del Estado de Michoac\u00e1n (Univim), rindieron protesta de titulaci\u00f3n bajo la opci\u00f3n Escolaridad por promedio.<\/p>\n<p>&nbsp;<\/p>\n<p>La toma de protesta de titulaci\u00f3n fue realizada por la rectora de la Univim Silvia Mendoza Valenzuela, y de esta manera los egresados quedaron facultados para ejercer la profesi\u00f3n de Herbolaria y Fitoterapia de donde egresaron tres alumnos, tres de Planeaci\u00f3n y Evaluaci\u00f3n Educativa, uno de Turismo Sustentable, uno de Evaluaci\u00f3n y Desarrollo Ambiental, y tres m\u00e1s de la Ingenier\u00eda en Desarrollo Agroindustrial.<\/p>\n<p>&nbsp;<\/p>\n<p>Cabe destacar que los graduados por promedio mantuvieron calificaciones sobresalientes en general, superior a 90 puntos en la totalidad de su carrera; sin haber recursado ninguna materia, acreditaron el 100 por ciento de sus asignaturas en curso regular, iniciando as\u00ed su proceso de titulaci\u00f3n directa.<\/p>\n","protected":false},"excerpt":{"rendered":"<p>Este lunes, once estudiantes de las diferentes Licenciaturas de la Universidad Virtual del Estado de Michoac\u00e1n (Univim), rindieron protesta de titulaci\u00f3n bajo la opci\u00f3n Escolaridad por promedio.<\/p>\n","protected":false},"author":1,"featured_media":31281,"comment_status":"open","ping_status":"open","sticky":false,"template":"","format":"standard","meta":{"footnotes":""},"categories":[14,3],"tags":[],"class_list":["post-31279","post","type-post","status-publish","format-standard","has-post-thumbnail","hentry","category-destacadas","category-gobierno-del-estado-de-michoacan"],"_links":{"self":[{"href":"https:\/\/radiowebmx.com\/nota\/wp-json\/wp\/v2\/posts\/31279","targetHints":{"allow":["GET"]}}],"collection":[{"href":"https:\/\/radiowebmx.com\/nota\/wp-json\/wp\/v2\/posts"}],"about":[{"href":"https:\/\/radiowebmx.com\/nota\/wp-json\/wp\/v2\/types\/post"}],"author":[{"embeddable":true,"href":"https:\/\/radiowebmx.com\/nota\/wp-json\/wp\/v2\/users\/1"}],"replies":[{"embeddable":true,"href":"https:\/\/radiowebmx.com\/nota\/wp-json\/wp\/v2\/comments?post=31279"}],"version-history":[{"count":1,"href":"https:\/\/radiowebmx.com\/nota\/wp-json\/wp\/v2\/posts\/31279\/revisions"}],"predecessor-version":[{"id":31282,"href":"https:\/\/radiowebmx.com\/nota\/wp-json\/wp\/v2\/posts\/31279\/revisions\/31282"}],"wp:featuredmedia":[{"embeddable":true,"href":"https:\/\/radiowebmx.com\/nota\/wp-json\/wp\/v2\/media\/31281"}],"wp:attachment":[{"href":"https:\/\/radiowebmx.com\/nota\/wp-json\/wp\/v2\/media?parent=31279"}],"wp:term":[{"taxonomy":"category","embeddable":true,"href":"https:\/\/radiowebmx.com\/nota\/wp-json\/wp\/v2\/categories?post=31279"},{"taxonomy":"post_tag","embeddable":true,"href":"https:\/\/radiowebmx.com\/nota\/wp-json\/wp\/v2\/tags?post=31279"}],"curies":[{"name":"wp","href":"https:\/\/api.w.org\/{rel}","templated":true}]}}