{"id":31276,"date":"2017-02-14T10:27:21","date_gmt":"2017-02-14T16:27:21","guid":{"rendered":"https:\/\/radiowebmx.com\/nota\/?p=31276"},"modified":"2017-02-14T10:27:21","modified_gmt":"2017-02-14T16:27:21","slug":"inicia-el-semestre-febrero-junio-en-el-imced","status":"publish","type":"post","link":"https:\/\/radiowebmx.com\/nota\/inicia-el-semestre-febrero-junio-en-el-imced\/","title":{"rendered":"Inicia el semestre febrero-junio en el IMCED"},"content":{"rendered":"<p><img loading=\"lazy\" decoding=\"async\" class=\"alignleft size-full wp-image-31277\" src=\"https:\/\/radiowebmx.com\/nota\/wp-content\/uploads\/2017\/02\/a14f2239-61f4-488d-9b00-c3eabc714b1f.jpg\" alt=\"a14f2239-61f4-488d-9b00-c3eabc714b1f\" width=\"709\" height=\"569\" srcset=\"https:\/\/radiowebmx.com\/nota\/wp-content\/uploads\/2017\/02\/a14f2239-61f4-488d-9b00-c3eabc714b1f.jpg 709w, https:\/\/radiowebmx.com\/nota\/wp-content\/uploads\/2017\/02\/a14f2239-61f4-488d-9b00-c3eabc714b1f-300x241.jpg 300w\" sizes=\"auto, (max-width: 709px) 100vw, 709px\" \/><\/p>\n<p>&nbsp;<\/p>\n<p><strong>Morelia, Michoac\u00e1n, a 13 de febrero de 2017.-<\/strong> Con el objetivo de formar a los profesionales de la educaci\u00f3n que dar\u00e1n respuesta a las necesidades que tiene Michoac\u00e1n en la materia, el pasado 7 de febrero inici\u00f3 el segundo semestre del presente a\u00f1o lectivo en el Instituto Michoacano de Ciencias de la Educaci\u00f3n (IMCED), con el registro de aproximadamente 5 mil estudiantes en sus dos niveles de estudio, Licenciatura y Maestr\u00eda, as\u00ed como en sus tres sedes en el estado.<\/p>\n<p>&nbsp;<\/p>\n<p>Al dar apertura al semestre escolarizado febrero-junio de 2017, el director general de la instituci\u00f3n, Javier Irepan Hacha, dej\u00f3 en claro que se pretende continuar con un buen funcionamiento institucional, en el cual coadyuvan los trabajadores acad\u00e9micos y administrativos.<\/p>\n<p>&nbsp;<\/p>\n<p>Tras hacer notar que los estudiantes en la instituci\u00f3n han entrado en un proceso de transformaci\u00f3n, recuperando sus principios fundacionales, precis\u00f3 que la oferta educativa del IMCED comprende seis Licenciaturas y 10 Maestr\u00edas en todos los campos de la educaci\u00f3n, as\u00ed como el doctorado en Educaci\u00f3n.<\/p>\n<p>&nbsp;<\/p>\n<p>En cuanto a su matr\u00edcula para el segundo semestre del ciclo lectivo 2016-2017, precis\u00f3 que se tienen poco m\u00e1s de 4 mil alumnos en Licenciatura (tanto en la modalidad residencial como en la semi residencial); 600 inscritos en las Maestr\u00edas y nueve en Doctorado.<\/p>\n<p>&nbsp;<\/p>\n<p>Ante el comienzo del nuevo semestre, subray\u00f3 que se cumplir\u00e1 con la totalidad del calendario escolar.<\/p>\n<p>&nbsp;<\/p>\n<p>Para la mejor consecuci\u00f3n de las metas trazadas, se\u00f1al\u00f3 que el Instituto hace un esfuerzo por armonizar sus labores sustantivas y de esa manera cumplir con el compromiso que tiene con su alumnado, puesto que la labor de la instituci\u00f3n se extiende a las sedes de Morelia, Zit\u00e1cuaro y Guacamayas, en L\u00e1zaro C\u00e1rdenas, donde son apoyados por las autoridades municipales que piden que el Instituto acuda para coadyuvar con ellos y se armonice el trato con el estado.<\/p>\n<p>&nbsp;<\/p>\n<p>Destac\u00f3 que los egresados del IMCED est\u00e1n en condiciones de desarrollarse en los niveles medio superior y superior, pero su preparaci\u00f3n les permite tambi\u00e9n atender niveles educativos b\u00e1sicos, puesto que la formaci\u00f3n que se les imparte les da las herramientas para concursar con \u00e9xito en los ex\u00e1menes de oposici\u00f3n nacionales que la reforma educativa establece.<\/p>\n<p>&nbsp;<\/p>\n<p>Ahora, dijo, se destacan las tres labores sustantivas que debe tener una instituci\u00f3n de estudios superiores: docencia, investigaci\u00f3n y extensi\u00f3n. Por lo que se refiere a docencia, subray\u00f3 que por primera vez se cuenta con profesionales acordes con las necesidades de la entidad, por lo que los egresados deben tener la seguridad de que cuentan con la mejor planta de profesores; indic\u00f3 incluso que en el nivel de Maestr\u00eda el 70 por ciento de los docentes cuentan con maestr\u00eda y varios de ellos ostentan el perfil del Sistema Nacional de Investigadores.<\/p>\n<p>&nbsp;<\/p>\n<p>De la misma manera, anunci\u00f3 que cada fin de mes el IMCED efectuar\u00e1 actividades acad\u00e9micas vinculadas con acciones culturales, puesto que el conocimiento y el arte son fundamentales para contar con una educaci\u00f3n de calidad.<\/p>\n","protected":false},"excerpt":{"rendered":"<p> Con el objetivo de formar a los profesionales de la educaci\u00f3n que dar\u00e1n respuesta a las necesidades que tiene Michoac\u00e1n en la materia, el pasado 7 de febrero inici\u00f3 el segundo semestre del presente a\u00f1o lectivo en el Instituto Michoacano de Ciencias de la Educaci\u00f3n (IMCED), con el registro de aproximadamente 5 mil estudiantes en sus dos niveles de estudio, Licenciatura y Maestr\u00eda, as\u00ed como en sus tres sedes en el estado.<\/p>\n","protected":false},"author":1,"featured_media":31277,"comment_status":"open","ping_status":"open","sticky":false,"template":"","format":"standard","meta":{"footnotes":""},"categories":[14,3],"tags":[],"class_list":["post-31276","post","type-post","status-publish","format-standard","has-post-thumbnail","hentry","category-destacadas","category-gobierno-del-estado-de-michoacan"],"_links":{"self":[{"href":"https:\/\/radiowebmx.com\/nota\/wp-json\/wp\/v2\/posts\/31276","targetHints":{"allow":["GET"]}}],"collection":[{"href":"https:\/\/radiowebmx.com\/nota\/wp-json\/wp\/v2\/posts"}],"about":[{"href":"https:\/\/radiowebmx.com\/nota\/wp-json\/wp\/v2\/types\/post"}],"author":[{"embeddable":true,"href":"https:\/\/radiowebmx.com\/nota\/wp-json\/wp\/v2\/users\/1"}],"replies":[{"embeddable":true,"href":"https:\/\/radiowebmx.com\/nota\/wp-json\/wp\/v2\/comments?post=31276"}],"version-history":[{"count":1,"href":"https:\/\/radiowebmx.com\/nota\/wp-json\/wp\/v2\/posts\/31276\/revisions"}],"predecessor-version":[{"id":31278,"href":"https:\/\/radiowebmx.com\/nota\/wp-json\/wp\/v2\/posts\/31276\/revisions\/31278"}],"wp:featuredmedia":[{"embeddable":true,"href":"https:\/\/radiowebmx.com\/nota\/wp-json\/wp\/v2\/media\/31277"}],"wp:attachment":[{"href":"https:\/\/radiowebmx.com\/nota\/wp-json\/wp\/v2\/media?parent=31276"}],"wp:term":[{"taxonomy":"category","embeddable":true,"href":"https:\/\/radiowebmx.com\/nota\/wp-json\/wp\/v2\/categories?post=31276"},{"taxonomy":"post_tag","embeddable":true,"href":"https:\/\/radiowebmx.com\/nota\/wp-json\/wp\/v2\/tags?post=31276"}],"curies":[{"name":"wp","href":"https:\/\/api.w.org\/{rel}","templated":true}]}}