{"id":31273,"date":"2017-02-14T10:25:20","date_gmt":"2017-02-14T16:25:20","guid":{"rendered":"https:\/\/radiowebmx.com\/nota\/?p=31273"},"modified":"2017-02-14T10:25:20","modified_gmt":"2017-02-14T16:25:20","slug":"por-concluir-inscripcion-a-talleres-de-divulgacion-de-la-ciencia-sicdet","status":"publish","type":"post","link":"https:\/\/radiowebmx.com\/nota\/por-concluir-inscripcion-a-talleres-de-divulgacion-de-la-ciencia-sicdet\/","title":{"rendered":"Por concluir inscripci\u00f3n a Talleres de Divulgaci\u00f3n de la Ciencia: SICDET"},"content":{"rendered":"<p><img loading=\"lazy\" decoding=\"async\" class=\"alignleft size-full wp-image-31274\" src=\"https:\/\/radiowebmx.com\/nota\/wp-content\/uploads\/2017\/02\/5f9f30cf-e5a5-46aa-8859-16c7e195a048.jpg\" alt=\"5f9f30cf-e5a5-46aa-8859-16c7e195a048\" width=\"709\" height=\"399\" srcset=\"https:\/\/radiowebmx.com\/nota\/wp-content\/uploads\/2017\/02\/5f9f30cf-e5a5-46aa-8859-16c7e195a048.jpg 709w, https:\/\/radiowebmx.com\/nota\/wp-content\/uploads\/2017\/02\/5f9f30cf-e5a5-46aa-8859-16c7e195a048-300x169.jpg 300w, https:\/\/radiowebmx.com\/nota\/wp-content\/uploads\/2017\/02\/5f9f30cf-e5a5-46aa-8859-16c7e195a048-642x362.jpg 642w, https:\/\/radiowebmx.com\/nota\/wp-content\/uploads\/2017\/02\/5f9f30cf-e5a5-46aa-8859-16c7e195a048-128x72.jpg 128w\" sizes=\"auto, (max-width: 709px) 100vw, 709px\" \/><\/p>\n<p>&nbsp;<\/p>\n<p><strong>Morelia, Michoac\u00e1n, a 13 de febrero de 2017.<\/strong>&#8211;\u00a0Este fin de semana se realiz\u00f3 con \u00e9xito el Taller para la\u00a0\u201cDivulgaci\u00f3n y Did\u00e1ctica en la Ense\u00f1anza de las Ciencias\u201d, dirigido a docentes, que organiza la Secretar\u00eda de Innovaci\u00f3n, Ciencia y Desarrollo Tecnol\u00f3gico. El proceso de inscripci\u00f3n a otros dos Talleres dirigidos a divulgadores y periodistas registra una respuesta favorable, por lo que est\u00e1n a punto de terminarse los espacios.<\/p>\n<p>&nbsp;<\/p>\n<p>El secretario de Innovaci\u00f3n, Ciencia y Desarrollo Tecnol\u00f3gico, Jos\u00e9 Luis Monta\u00f1ez Espinosa, coment\u00f3 que en el inter\u00e9s de hacer accesible el conocimiento cient\u00edfico a los diversos segmentos de la sociedad, el Gobierno del Estado puso al alcance de periodistas, divulgadores y docentes, un conjunto de Talleres para la comunicaci\u00f3n de la ciencia, especializados en esos tres campos de trabajo.<\/p>\n<p>&nbsp;<\/p>\n<p>La\u00a0profesionalizaci\u00f3n y capacitaci\u00f3n especializadas en divulgaci\u00f3n de la ciencia, tecnolog\u00eda e innovaci\u00f3n, es una de las acciones que derivan del Programa \u201cCiencia para Todos y en Todos los Rincones de Michoac\u00e1n 2016\u201d, que se puso en marcha con recursos autorizados por el Consejo Nacional de Ciencia y Tecnolog\u00eda (Conacyt).<br \/>\nMonta\u00f1ez Espinosa report\u00f3 que los tres talleres se programaron para el mes en curso y el primero, se llev\u00f3 a cabo este fin de semana con la participaci\u00f3n de profesores que laboran en el \u00e1mbito de la educaci\u00f3n media y b\u00e1sica. Todos ellos recibieron herramientas de conocimiento para sistematizar sus fundamentos te\u00f3rico-pr\u00e1cticos acerca de comunicar los temas de la ciencia, la tecnolog\u00eda y la innovaci\u00f3n.<\/p>\n<p>&nbsp;<\/p>\n<p>El Secretario puntualiz\u00f3 que el siguiente Taller, dirigido a divulgadores, tendr\u00e1 lugar el jueves y viernes de esta semana y el grupo est\u00e1 a punto de cubrir la cuota de alumnos prevista, mientras que el taller para periodistas tendr\u00e1 lugar los d\u00edas 24 y 25 de febrero.<\/p>\n<p>&nbsp;<\/p>\n<p>Cabe recordar que todas estas actividades se inscriben en el Proyecto Estrategia Nacional para Fomentar y Fortalecer la Difusi\u00f3n y la Divulgaci\u00f3n de la Ciencia, la Tecnolog\u00eda y la Innovaci\u00f3n en las Entidades Federativas. Michoac\u00e1n 2016.<\/p>\n","protected":false},"excerpt":{"rendered":"<p>Este fin de semana se realiz\u00f3 con \u00e9xito el Taller para la \u201cDivulgaci\u00f3n y Did\u00e1ctica en la Ense\u00f1anza de las Ciencias\u201d, dirigido a docentes, que organiza la Secretar\u00eda de Innovaci\u00f3n, Ciencia y Desarrollo Tecnol\u00f3gico. El proceso de inscripci\u00f3n a otros dos Talleres dirigidos a divulgadores y periodistas registra una respuesta favorable, por lo que est\u00e1n a punto de terminarse los espacios.<\/p>\n","protected":false},"author":1,"featured_media":31274,"comment_status":"open","ping_status":"open","sticky":false,"template":"","format":"standard","meta":{"footnotes":""},"categories":[14,3],"tags":[],"class_list":["post-31273","post","type-post","status-publish","format-standard","has-post-thumbnail","hentry","category-destacadas","category-gobierno-del-estado-de-michoacan"],"_links":{"self":[{"href":"https:\/\/radiowebmx.com\/nota\/wp-json\/wp\/v2\/posts\/31273","targetHints":{"allow":["GET"]}}],"collection":[{"href":"https:\/\/radiowebmx.com\/nota\/wp-json\/wp\/v2\/posts"}],"about":[{"href":"https:\/\/radiowebmx.com\/nota\/wp-json\/wp\/v2\/types\/post"}],"author":[{"embeddable":true,"href":"https:\/\/radiowebmx.com\/nota\/wp-json\/wp\/v2\/users\/1"}],"replies":[{"embeddable":true,"href":"https:\/\/radiowebmx.com\/nota\/wp-json\/wp\/v2\/comments?post=31273"}],"version-history":[{"count":1,"href":"https:\/\/radiowebmx.com\/nota\/wp-json\/wp\/v2\/posts\/31273\/revisions"}],"predecessor-version":[{"id":31275,"href":"https:\/\/radiowebmx.com\/nota\/wp-json\/wp\/v2\/posts\/31273\/revisions\/31275"}],"wp:featuredmedia":[{"embeddable":true,"href":"https:\/\/radiowebmx.com\/nota\/wp-json\/wp\/v2\/media\/31274"}],"wp:attachment":[{"href":"https:\/\/radiowebmx.com\/nota\/wp-json\/wp\/v2\/media?parent=31273"}],"wp:term":[{"taxonomy":"category","embeddable":true,"href":"https:\/\/radiowebmx.com\/nota\/wp-json\/wp\/v2\/categories?post=31273"},{"taxonomy":"post_tag","embeddable":true,"href":"https:\/\/radiowebmx.com\/nota\/wp-json\/wp\/v2\/tags?post=31273"}],"curies":[{"name":"wp","href":"https:\/\/api.w.org\/{rel}","templated":true}]}}