{"id":31268,"date":"2017-02-14T10:07:38","date_gmt":"2017-02-14T16:07:38","guid":{"rendered":"https:\/\/radiowebmx.com\/nota\/?p=31268"},"modified":"2017-02-14T10:07:38","modified_gmt":"2017-02-14T16:07:38","slug":"dif-morelia-invita-a-participar-en-la-colecta-vamos-a-dar-lata-2017","status":"publish","type":"post","link":"https:\/\/radiowebmx.com\/nota\/dif-morelia-invita-a-participar-en-la-colecta-vamos-a-dar-lata-2017\/","title":{"rendered":"DIF Morelia invita a participar en la colecta \u201cVamos a Dar Lata 2017\u201d"},"content":{"rendered":"<p><img loading=\"lazy\" decoding=\"async\" class=\"alignleft size-full wp-image-31269\" src=\"https:\/\/radiowebmx.com\/nota\/wp-content\/uploads\/2017\/02\/1ab38da1-efa5-4ebd-90ac-349c0fc8cbc2.jpeg\" alt=\"1ab38da1-efa5-4ebd-90ac-349c0fc8cbc2\" width=\"709\" height=\"472\" srcset=\"https:\/\/radiowebmx.com\/nota\/wp-content\/uploads\/2017\/02\/1ab38da1-efa5-4ebd-90ac-349c0fc8cbc2.jpeg 709w, https:\/\/radiowebmx.com\/nota\/wp-content\/uploads\/2017\/02\/1ab38da1-efa5-4ebd-90ac-349c0fc8cbc2-300x200.jpeg 300w\" sizes=\"auto, (max-width: 709px) 100vw, 709px\" \/><\/p>\n<p>&nbsp;<\/p>\n<p>Con el objetivo de promover la participaci\u00f3n ciudadana en actividades altruistas, la Presidenta Honoraria del DIF Morelia, Paola Delgadillo de Mart\u00ednez anunci\u00f3 la campa\u00f1a \u201cVamos a Dar Lata 2017\u201d, que realiza la organizaci\u00f3n Scout Michoac\u00e1n como parte de sus actividades conmemorativas al D\u00eda de la Promesa Scout.<\/p>\n<p>\u201cAl igual que el a\u00f1o pasado nos unimos con mucho gusto a esta causa que para nosotros tiene dos vertientes importantes: fomentar el esp\u00edritu de servicio en los m\u00e1s j\u00f3venes, mediante un esfuerzo individual y de equipo que representar\u00e1 un beneficio para la comunidad y promover el apoyo a organizaciones civiles que trabajan por una causa noble y que en la mayor\u00eda de los casos se sostienen \u00fanicamente de la buena voluntad de otros ciudadanos e instituciones como el DIF Morelia\u201d.<\/p>\n<p>De acuerdo con \u00c1ngeles Yahel Ambr\u00edz Sotelo, promotora Rover de los Scouts, la campa\u00f1a consiste en recolectar la mayor cantidad posible de latas para ser vendidas y los recursos obtenidos ser\u00e1n donados a una causa altruista.<\/p>\n<p>\u201cSe invit\u00f3 a participar en la colecta a todos los integrantes de los Scout a nivel provincial, que son cerca de 15 mil personas, pero pueden participar todos los ciudadanos para lo cual habr\u00e1 centros de acopio en el Grupo 1 Morelia, que est\u00e1 ubicado en Avenida Madero Oriente #1333, a partir de las 16:00 horas y hasta las 19:00 horas, los s\u00e1bados\u201d, indic\u00f3.<\/p>\n<p>La campa\u00f1a se cerrar\u00e1 el pr\u00f3ximo 25 y 26 de febrero en el evento conmemorativo al D\u00eda de la Promesa Scout, en la plaza Morelos del Centro Hist\u00f3rico a las 4 de la tarde, donde se conformar\u00e1 una Flor de Lis gigante con las latas recolectadas, que es el emblema de los Scouts a nivel internacional.<\/p>\n<p>La meta para este a\u00f1o es de 50 mil latas, y quienes entreguen un m\u00ednimo de 300 latas, se les dar\u00e1 un parche del evento, sin importar si pertenecen o no a los Scouts<\/p>\n<p>Finalmente, la primera dama del municipio indic\u00f3 que para este a\u00f1o el beneficiario de la colecta ser\u00e1 Ram\u00f3n Eduardo Guerrero Garc\u00eda, un ni\u00f1o de Morelia de 4 a\u00f1os que requiere un trasplante de medula para sobrevivir y lo recibir\u00e1 a trav\u00e9s de la fundaci\u00f3n FUMENI, quienes est\u00e1n consiguiendo un donador tanto dentro como fuera del pa\u00eds, ya que es muy dif\u00edcil conseguir un donador compatible, \u201cpero adem\u00e1s el costo de este tratamiento es de 40 mil d\u00f3lares, por lo que necesitan mucho apoyo econ\u00f3mico\u201d.<\/p>\n","protected":false},"excerpt":{"rendered":"<p>Con el objetivo de promover la participaci\u00f3n ciudadana en actividades altruistas, la Presidenta Honoraria del DIF Morelia, Paola Delgadillo de Mart\u00ednez anunci\u00f3 la campa\u00f1a \u201cVamos a Dar Lata 2017\u201d, que realiza la organizaci\u00f3n Scout Michoac\u00e1n como parte de sus actividades conmemorativas al D\u00eda de la Promesa Scout.<\/p>\n","protected":false},"author":1,"featured_media":31269,"comment_status":"open","ping_status":"open","sticky":false,"template":"","format":"standard","meta":{"footnotes":""},"categories":[14,9],"tags":[],"class_list":["post-31268","post","type-post","status-publish","format-standard","has-post-thumbnail","hentry","category-destacadas","category-morelia"],"_links":{"self":[{"href":"https:\/\/radiowebmx.com\/nota\/wp-json\/wp\/v2\/posts\/31268","targetHints":{"allow":["GET"]}}],"collection":[{"href":"https:\/\/radiowebmx.com\/nota\/wp-json\/wp\/v2\/posts"}],"about":[{"href":"https:\/\/radiowebmx.com\/nota\/wp-json\/wp\/v2\/types\/post"}],"author":[{"embeddable":true,"href":"https:\/\/radiowebmx.com\/nota\/wp-json\/wp\/v2\/users\/1"}],"replies":[{"embeddable":true,"href":"https:\/\/radiowebmx.com\/nota\/wp-json\/wp\/v2\/comments?post=31268"}],"version-history":[{"count":1,"href":"https:\/\/radiowebmx.com\/nota\/wp-json\/wp\/v2\/posts\/31268\/revisions"}],"predecessor-version":[{"id":31270,"href":"https:\/\/radiowebmx.com\/nota\/wp-json\/wp\/v2\/posts\/31268\/revisions\/31270"}],"wp:featuredmedia":[{"embeddable":true,"href":"https:\/\/radiowebmx.com\/nota\/wp-json\/wp\/v2\/media\/31269"}],"wp:attachment":[{"href":"https:\/\/radiowebmx.com\/nota\/wp-json\/wp\/v2\/media?parent=31268"}],"wp:term":[{"taxonomy":"category","embeddable":true,"href":"https:\/\/radiowebmx.com\/nota\/wp-json\/wp\/v2\/categories?post=31268"},{"taxonomy":"post_tag","embeddable":true,"href":"https:\/\/radiowebmx.com\/nota\/wp-json\/wp\/v2\/tags?post=31268"}],"curies":[{"name":"wp","href":"https:\/\/api.w.org\/{rel}","templated":true}]}}