{"id":31262,"date":"2017-02-13T14:35:51","date_gmt":"2017-02-13T20:35:51","guid":{"rendered":"https:\/\/radiowebmx.com\/nota\/?p=31262"},"modified":"2017-02-13T14:35:51","modified_gmt":"2017-02-13T20:35:51","slug":"arranca-imde-programa-nado-por-mi-corazon-2017","status":"publish","type":"post","link":"https:\/\/radiowebmx.com\/nota\/arranca-imde-programa-nado-por-mi-corazon-2017\/","title":{"rendered":"Arranca IMDE programa \u201cNado por mi Coraz\u00f3n\u201d 2017"},"content":{"rendered":"<p><img loading=\"lazy\" decoding=\"async\" class=\"alignleft size-full wp-image-31263\" src=\"https:\/\/radiowebmx.com\/nota\/wp-content\/uploads\/2017\/02\/bbb843b0-fce5-4b0e-92f9-cebcec754262.jpg\" alt=\"bbb843b0-fce5-4b0e-92f9-cebcec754262\" width=\"709\" height=\"601\" srcset=\"https:\/\/radiowebmx.com\/nota\/wp-content\/uploads\/2017\/02\/bbb843b0-fce5-4b0e-92f9-cebcec754262.jpg 709w, https:\/\/radiowebmx.com\/nota\/wp-content\/uploads\/2017\/02\/bbb843b0-fce5-4b0e-92f9-cebcec754262-300x254.jpg 300w\" sizes=\"auto, (max-width: 709px) 100vw, 709px\" \/><\/p>\n<p>&nbsp;<\/p>\n<p>Con la mira puesta en refrendar el doble reconocimiento de oro obtenido en 2016, el Ayuntamiento de Morelia arranc\u00f3 esta ma\u00f1ana la aplicaci\u00f3n del programa federal \u201cNado por mi Coraz\u00f3n\u201d 2017, el cual consiste en la medici\u00f3n de par\u00e1metros enfocados a la salud combinados con la nataci\u00f3n, y que se aplicar\u00e1 en los 4 complejos acu\u00e1ticos administrados por el IMDE.<\/p>\n<p>Alfonso Mart\u00ednez Alc\u00e1zar, Alcalde de Morelia, a trav\u00e9s del Instituto Municipal de Cultura F\u00edsica y Deporte (IMDE), colabora una vez m\u00e1s con la Comisi\u00f3n Nacional de Cultura F\u00edsica y Deporte (CONADE) y la Secretar\u00eda de Salud Federal en la aplicaci\u00f3n de este programa, que el a\u00f1o pasado entreg\u00f3 a la ciudad de la cantera rosa un doble reconocimiento de oro por su destacada participaci\u00f3n.<\/p>\n<p>\u201cNado por mi Coraz\u00f3n\u201d tiene por objetivo en su s\u00e9ptima aplicaci\u00f3n atender a 50 mil personas, a las cuales se les realizar\u00e1 una medici\u00f3n de par\u00e1metros de la salud y posteriormente tener una sesi\u00f3n de nado, con lo cual la Fundaci\u00f3n Kaluz otorgar\u00e1 un donativo de 500 mil pesos a la Asociaci\u00f3n Kardias para apoyar a ni\u00f1os enfermos del coraz\u00f3n, cifra que podr\u00eda incrementar a 700 mil pesos en caso de superar la participaci\u00f3n esperada.<\/p>\n<p>El arranque del programa tuvo como escenario el complejo acu\u00e1tico \u201cMedallistas Paral\u00edmpicos\u201d, ante la presencia de Joel Calder\u00f3n Ruiz, en su calidad de Encargado de Despacho del IMDE.<\/p>\n<p>\u201cHemos cumplido con las expectativas en este arranque, yo creo que nosotros como vigentes campeones de este programa debemos de demostrar de nueva cuenta esa calidad para seguir como punta de lanza. Sin problema debemos de pasar de esa cifra de 4 mil personas, lo que igualar\u00eda nuestros logros del a\u00f1o anterior, tal como lo marc\u00f3 nuestro Presidente Municipal, Alfonso Mart\u00ednez Alc\u00e1zar\u201d, se\u00f1al\u00f3 Calder\u00f3n Ruiz.<\/p>\n<p>El programa se ejecutar\u00e1 desde esta ma\u00f1ana y hasta el s\u00e1bado 18 de febrero, en los 4 complejos acu\u00e1ticos del IMDE, es decir, \u201cMedallistas Paral\u00edmpicos\u201d, Bicentenario, Morelos Indeco y Villa Magna y es aplicable a todos los usuarios mayores de 12 a\u00f1os .<\/p>\n<p>El proceso consiste en la medici\u00f3n de par\u00e1metros como la circunferencia abdominal, presi\u00f3n arterial, frecuencia cardiaca y respiratoria, adem\u00e1s de que como extra, el \u00c1rea M\u00e9dica del IMDE tambi\u00e9n revisa el peso y brinda orientaci\u00f3n nutricional, para posteriormente cubrir una distancia de 1 kil\u00f3metro de nado. La intenci\u00f3n es que las personas eval\u00faen sus avances de forma peri\u00f3dica.<\/p>\n<p>Las inscripciones se realizan en los espacios acu\u00e1ticos ya mencionados, durante la semana de aplicaci\u00f3n y \u00e9stas son gratuitas.<\/p>\n<p>El m\u00e9todo de calificaci\u00f3n para las albercas ser\u00e1 similar al a\u00f1o anterior, es decir, las que alberguen entre 500 y 999 personas ser\u00e1n acreedoras al bronce, de mil a mil 999 se premiar\u00e1 con plata y de 2 mil en adelante se condecorar\u00e1 con el distintivo de oro.<\/p>\n","protected":false},"excerpt":{"rendered":"<p>Con la mira puesta en refrendar el doble reconocimiento de oro obtenido en 2016, el Ayuntamiento de Morelia arranc\u00f3 esta ma\u00f1ana la aplicaci\u00f3n del programa federal \u201cNado por mi Coraz\u00f3n\u201d 2017, el cual consiste en la medici\u00f3n de par\u00e1metros enfocados a la salud combinados con la nataci\u00f3n, y que se aplicar\u00e1 en los 4 complejos acu\u00e1ticos administrados por el IMDE.<\/p>\n","protected":false},"author":1,"featured_media":31263,"comment_status":"open","ping_status":"open","sticky":false,"template":"","format":"standard","meta":{"footnotes":""},"categories":[14,3],"tags":[],"class_list":["post-31262","post","type-post","status-publish","format-standard","has-post-thumbnail","hentry","category-destacadas","category-gobierno-del-estado-de-michoacan"],"_links":{"self":[{"href":"https:\/\/radiowebmx.com\/nota\/wp-json\/wp\/v2\/posts\/31262","targetHints":{"allow":["GET"]}}],"collection":[{"href":"https:\/\/radiowebmx.com\/nota\/wp-json\/wp\/v2\/posts"}],"about":[{"href":"https:\/\/radiowebmx.com\/nota\/wp-json\/wp\/v2\/types\/post"}],"author":[{"embeddable":true,"href":"https:\/\/radiowebmx.com\/nota\/wp-json\/wp\/v2\/users\/1"}],"replies":[{"embeddable":true,"href":"https:\/\/radiowebmx.com\/nota\/wp-json\/wp\/v2\/comments?post=31262"}],"version-history":[{"count":1,"href":"https:\/\/radiowebmx.com\/nota\/wp-json\/wp\/v2\/posts\/31262\/revisions"}],"predecessor-version":[{"id":31264,"href":"https:\/\/radiowebmx.com\/nota\/wp-json\/wp\/v2\/posts\/31262\/revisions\/31264"}],"wp:featuredmedia":[{"embeddable":true,"href":"https:\/\/radiowebmx.com\/nota\/wp-json\/wp\/v2\/media\/31263"}],"wp:attachment":[{"href":"https:\/\/radiowebmx.com\/nota\/wp-json\/wp\/v2\/media?parent=31262"}],"wp:term":[{"taxonomy":"category","embeddable":true,"href":"https:\/\/radiowebmx.com\/nota\/wp-json\/wp\/v2\/categories?post=31262"},{"taxonomy":"post_tag","embeddable":true,"href":"https:\/\/radiowebmx.com\/nota\/wp-json\/wp\/v2\/tags?post=31262"}],"curies":[{"name":"wp","href":"https:\/\/api.w.org\/{rel}","templated":true}]}}