{"id":31259,"date":"2017-02-13T14:33:50","date_gmt":"2017-02-13T20:33:50","guid":{"rendered":"https:\/\/radiowebmx.com\/nota\/?p=31259"},"modified":"2017-02-13T14:33:50","modified_gmt":"2017-02-13T20:33:50","slug":"rehabilitacion-de-banquetas-en-morelia-cien-por-ciento-incluyentes-alfonso-martinez","status":"publish","type":"post","link":"https:\/\/radiowebmx.com\/nota\/rehabilitacion-de-banquetas-en-morelia-cien-por-ciento-incluyentes-alfonso-martinez\/","title":{"rendered":"Rehabilitaci\u00f3n de banquetas en Morelia, cien por ciento incluyentes: Alfonso Mart\u00ednez"},"content":{"rendered":"<p><img loading=\"lazy\" decoding=\"async\" class=\"alignleft size-full wp-image-31260\" src=\"https:\/\/radiowebmx.com\/nota\/wp-content\/uploads\/2017\/02\/085a6433-4a05-4c34-877f-025d632bdde5.jpeg\" alt=\"085a6433-4a05-4c34-877f-025d632bdde5\" width=\"709\" height=\"472\" srcset=\"https:\/\/radiowebmx.com\/nota\/wp-content\/uploads\/2017\/02\/085a6433-4a05-4c34-877f-025d632bdde5.jpeg 709w, https:\/\/radiowebmx.com\/nota\/wp-content\/uploads\/2017\/02\/085a6433-4a05-4c34-877f-025d632bdde5-300x200.jpeg 300w\" sizes=\"auto, (max-width: 709px) 100vw, 709px\" \/><\/p>\n<p>&nbsp;<\/p>\n<p>Firme en su compromiso de ofrecer espacios p\u00fablicos dignos e incluyentes, que faciliten el desplazamiento de todos los sectores de la sociedad, el Presidente Municipal de Morelia, Alfonso Mart\u00ednez Alc\u00e1zar, realiz\u00f3 la supervisi\u00f3n de obra de Mejoramiento de banquetas de la calle Antonio Alzate, del Centro Hist\u00f3rico de esta capital.<\/p>\n<p>En compa\u00f1\u00eda del Secretario de Desarrollo Metropolitano e Infraestructura, Juan Fernando Sosa Tapia y el Secretario de Efectividad e Innovaci\u00f3n Gubernamental, Antonio Plaza Urbina, el Alcalde subray\u00f3 que este proyecto, cuya inversi\u00f3n asciende a los 7 millones 500 mil pesos provenientes del Fondo Nacional para la Cultura y las Artes (FONCA), se ejecuta privilegiando a las personas con discapacidad, as\u00ed como a los adultos mayores.<\/p>\n<p>&#8220;Esta obra es incluyente, no solamente es arreglar las banquetas y ponerlas bonitas, tambi\u00e9n es hacerlas caminables para las personas de la tercera edad y que puedan circular en ellas personas con alguna discapacidad, por ello incluye rampas, el sistema braille en el nombre de las calles para que las personas con debilidad visual puedan saber d\u00f3nde se encuentran y puedan identificar las esquinas, de tal manera que adem\u00e1s de embellecer nuestro Centro Hist\u00f3rico, estamos haciendo esta obra incluyente para que todas las personas puedan circular en ella\u201d, explic\u00f3.<\/p>\n<p>Mart\u00ednez Alc\u00e1zar detall\u00f3 que la rehabilitaci\u00f3n de las banquetas se ejecuta por tramos, para afectar lo menos posible a los transe\u00fantes, siendo que hasta el momento se realizan los trabajos sobre la calle Antonio Alzate, desde Vasco de Quiroga a Juan Jos\u00e9 de Lejarza, y posteriormente se continuar\u00e1 de Juan Jos\u00e9 de Lejarza a la calle Justo Mendoza, con miras a que en menos de mes y medio quede concluida.<\/p>\n<p>En su oportunidad, Juan Fernando Sosa, puntualiz\u00f3 que esta obra comprende la rehabilitaci\u00f3n de aerodren y la rehabilitaci\u00f3n y mejoramiento de banquetas a base de baldosa de p\u00f3rfido, adem\u00e1s de la elaboraci\u00f3n de rampas para personas con discapacidad y ramas de acceso vehicular.<\/p>\n<p>Indic\u00f3 que este proyecto de infraestructura que registra un avance de 35 por ciento, beneficiar\u00e1 a m\u00e1s de 729 mil 300 habitantes; \u201csiguiendo la instrucci\u00f3n de nuestro Presidente Municipal, estamos haciendo esta obra considerando en primer plano a los grupos m\u00e1s vulnerables, para que todos puedan desplazarse con facilidad\u201d.<\/p>\n<p>Cabe destacar que el Alcalde efect\u00fao un recorrido por esta importante vialidad ubicada en el coraz\u00f3n del municipio, donde constat\u00f3 que esta obra se realice con materiales de calidad.<\/p>\n<p>En la supervisi\u00f3n tambi\u00e9n estuvieron presentes los Regidores Mar\u00eda Elisa Garrido P\u00e9rez, F\u00e9lix Madrigal Pulido y Jorge Luis Tinoco; la Secretaria de Turismo, Thelma Aquique Arrieta; la Secretaria de Desarrollo Econ\u00f3mico y Emprendedor, Ireri Rivera Garc\u00eda, as\u00ed como el Director General del Colegio de Morelia, Alejandro Amante Urbina.<\/p>\n","protected":false},"excerpt":{"rendered":"<p>Firme en su compromiso de ofrecer espacios p\u00fablicos dignos e incluyentes, que faciliten el desplazamiento de todos los sectores de la sociedad, el Presidente Municipal de Morelia, Alfonso Mart\u00ednez Alc\u00e1zar, realiz\u00f3 la supervisi\u00f3n de obra de Mejoramiento de banquetas de la calle Antonio Alzate, del Centro Hist\u00f3rico de esta capital.<\/p>\n","protected":false},"author":1,"featured_media":31260,"comment_status":"open","ping_status":"open","sticky":false,"template":"","format":"standard","meta":{"footnotes":""},"categories":[14,9],"tags":[],"class_list":["post-31259","post","type-post","status-publish","format-standard","has-post-thumbnail","hentry","category-destacadas","category-morelia"],"_links":{"self":[{"href":"https:\/\/radiowebmx.com\/nota\/wp-json\/wp\/v2\/posts\/31259","targetHints":{"allow":["GET"]}}],"collection":[{"href":"https:\/\/radiowebmx.com\/nota\/wp-json\/wp\/v2\/posts"}],"about":[{"href":"https:\/\/radiowebmx.com\/nota\/wp-json\/wp\/v2\/types\/post"}],"author":[{"embeddable":true,"href":"https:\/\/radiowebmx.com\/nota\/wp-json\/wp\/v2\/users\/1"}],"replies":[{"embeddable":true,"href":"https:\/\/radiowebmx.com\/nota\/wp-json\/wp\/v2\/comments?post=31259"}],"version-history":[{"count":1,"href":"https:\/\/radiowebmx.com\/nota\/wp-json\/wp\/v2\/posts\/31259\/revisions"}],"predecessor-version":[{"id":31261,"href":"https:\/\/radiowebmx.com\/nota\/wp-json\/wp\/v2\/posts\/31259\/revisions\/31261"}],"wp:featuredmedia":[{"embeddable":true,"href":"https:\/\/radiowebmx.com\/nota\/wp-json\/wp\/v2\/media\/31260"}],"wp:attachment":[{"href":"https:\/\/radiowebmx.com\/nota\/wp-json\/wp\/v2\/media?parent=31259"}],"wp:term":[{"taxonomy":"category","embeddable":true,"href":"https:\/\/radiowebmx.com\/nota\/wp-json\/wp\/v2\/categories?post=31259"},{"taxonomy":"post_tag","embeddable":true,"href":"https:\/\/radiowebmx.com\/nota\/wp-json\/wp\/v2\/tags?post=31259"}],"curies":[{"name":"wp","href":"https:\/\/api.w.org\/{rel}","templated":true}]}}