{"id":31256,"date":"2017-02-13T14:31:47","date_gmt":"2017-02-13T20:31:47","guid":{"rendered":"https:\/\/radiowebmx.com\/nota\/?p=31256"},"modified":"2017-02-13T14:31:47","modified_gmt":"2017-02-13T20:31:47","slug":"atiende-iifeem-infraestructura-educativa-del-ceba-del-cereso-francisco-j-mugica","status":"publish","type":"post","link":"https:\/\/radiowebmx.com\/nota\/atiende-iifeem-infraestructura-educativa-del-ceba-del-cereso-francisco-j-mugica\/","title":{"rendered":"Atiende IIFEEM infraestructura educativa del CEBA del Cereso \u201cFrancisco J. M\u00fagica\u201d"},"content":{"rendered":"<p><img loading=\"lazy\" decoding=\"async\" class=\"alignleft size-full wp-image-31257\" src=\"https:\/\/radiowebmx.com\/nota\/wp-content\/uploads\/2017\/02\/f63730a0-1e52-4ba5-90c3-6596f48ae91e.jpg\" alt=\"f63730a0-1e52-4ba5-90c3-6596f48ae91e\" width=\"709\" height=\"452\" srcset=\"https:\/\/radiowebmx.com\/nota\/wp-content\/uploads\/2017\/02\/f63730a0-1e52-4ba5-90c3-6596f48ae91e.jpg 709w, https:\/\/radiowebmx.com\/nota\/wp-content\/uploads\/2017\/02\/f63730a0-1e52-4ba5-90c3-6596f48ae91e-300x191.jpg 300w\" sizes=\"auto, (max-width: 709px) 100vw, 709px\" \/><\/p>\n<p>&nbsp;<\/p>\n<p><strong>Morelia, Michoac\u00e1n, a 13 de febrero de 2017.-\u00a0<\/strong>El Instituto de la Infraestructura F\u00edsica Educativa del Estado de Michoac\u00e1n (IIFEEM), rehabilitar\u00e1 el Centro de Educaci\u00f3n B\u00e1sica para Adultos (CEBA) \u201cBenito Ju\u00e1rez\u201d, que se ubica al interior del Centro de Readaptaci\u00f3n Social (Cereso)\u201d Francisco J. M\u00fagica\u201d, el cual desde hace 44 a\u00f1os no recib\u00eda atenci\u00f3n.<\/p>\n<p>La directora general del IIFEEM, Mar\u00eda Guadalupe D\u00edaz Chagolla, dio inicio a los trabajos, acompa\u00f1ada del secretario de Seguridad P\u00fablica, Juan Bernardo Corona Mart\u00ednez; el coordinador del Sistema Estatal Penitenciario, general Jos\u00e9 Candelario Contreras L\u00f3pez; el director del Cereso, F\u00e9lix L\u00f3pez Rosales; y la directora de CEBA durante el turno matutino, Imelda Figueroa Far\u00edas.<\/p>\n<p>Ah\u00ed, la funcionaria estatal detall\u00f3 que los trabajos de rehabilitaci\u00f3n general constan de impermeabilizaci\u00f3n, aplicaci\u00f3n de pintura, cambio de pisos, canceler\u00eda y contactos el\u00e9ctricos, para lo cual se invertir\u00e1n 607 mil 887 pesos mediante el programa Escuelas al CIEN, en beneficio de 76 estudiantes. Cabe mencionar que la obra ser\u00e1 realizada por internos capacitados, quienes recibir\u00e1n una remuneraci\u00f3n.<\/p>\n<p>En este marco, la titular del IIFEEM subray\u00f3 que el Gobernador Silvano Aureoles Conejo est\u00e1 comprometido con la educaci\u00f3n, por lo que la administraci\u00f3n estatal trabaja de manera transversal para generar las mejores condiciones para quien desee estudiar y salir adelante.<\/p>\n<p>Por su parte, la directora del CEBA, Imelda Figueroa, mencion\u00f3 que desde la fundaci\u00f3n del plantel, hace 44 a\u00f1os, su infraestructura no hab\u00eda sido atendida, por lo que estos trabajos resultan de suma importancia.<\/p>\n<p>As\u00ed mismo, dio a conocer que en este CEBA se imparten clases, primaria y secundaria, y que los alumnos egresan con un certificado que avala sus estudios acad\u00e9micos.<\/p>\n<p>Eleazar, alumno del CEBA, extern\u00f3 que tanto \u00e9l como sus compa\u00f1eros est\u00e1n contentos por la rehabilitaci\u00f3n del plantel, pues tienen ganas de estudiar.<\/p>\n","protected":false},"excerpt":{"rendered":"<p>El Instituto de la Infraestructura F\u00edsica Educativa del Estado de Michoac\u00e1n (IIFEEM), rehabilitar\u00e1 el Centro de Educaci\u00f3n B\u00e1sica para Adultos (CEBA) \u201cBenito Ju\u00e1rez\u201d, que se ubica al interior del Centro de Readaptaci\u00f3n Social (Cereso)\u201d Francisco J. M\u00fagica\u201d, el cual desde hace 44 a\u00f1os no recib\u00eda atenci\u00f3n.<\/p>\n","protected":false},"author":1,"featured_media":31257,"comment_status":"open","ping_status":"open","sticky":false,"template":"","format":"standard","meta":{"footnotes":""},"categories":[14,3],"tags":[],"class_list":["post-31256","post","type-post","status-publish","format-standard","has-post-thumbnail","hentry","category-destacadas","category-gobierno-del-estado-de-michoacan"],"_links":{"self":[{"href":"https:\/\/radiowebmx.com\/nota\/wp-json\/wp\/v2\/posts\/31256","targetHints":{"allow":["GET"]}}],"collection":[{"href":"https:\/\/radiowebmx.com\/nota\/wp-json\/wp\/v2\/posts"}],"about":[{"href":"https:\/\/radiowebmx.com\/nota\/wp-json\/wp\/v2\/types\/post"}],"author":[{"embeddable":true,"href":"https:\/\/radiowebmx.com\/nota\/wp-json\/wp\/v2\/users\/1"}],"replies":[{"embeddable":true,"href":"https:\/\/radiowebmx.com\/nota\/wp-json\/wp\/v2\/comments?post=31256"}],"version-history":[{"count":1,"href":"https:\/\/radiowebmx.com\/nota\/wp-json\/wp\/v2\/posts\/31256\/revisions"}],"predecessor-version":[{"id":31258,"href":"https:\/\/radiowebmx.com\/nota\/wp-json\/wp\/v2\/posts\/31256\/revisions\/31258"}],"wp:featuredmedia":[{"embeddable":true,"href":"https:\/\/radiowebmx.com\/nota\/wp-json\/wp\/v2\/media\/31257"}],"wp:attachment":[{"href":"https:\/\/radiowebmx.com\/nota\/wp-json\/wp\/v2\/media?parent=31256"}],"wp:term":[{"taxonomy":"category","embeddable":true,"href":"https:\/\/radiowebmx.com\/nota\/wp-json\/wp\/v2\/categories?post=31256"},{"taxonomy":"post_tag","embeddable":true,"href":"https:\/\/radiowebmx.com\/nota\/wp-json\/wp\/v2\/tags?post=31256"}],"curies":[{"name":"wp","href":"https:\/\/api.w.org\/{rel}","templated":true}]}}