{"id":31230,"date":"2017-02-13T10:52:28","date_gmt":"2017-02-13T16:52:28","guid":{"rendered":"https:\/\/radiowebmx.com\/nota\/?p=31230"},"modified":"2017-02-13T10:52:28","modified_gmt":"2017-02-13T16:52:28","slug":"gobierno-independiente-da-pasos-decididos-para-construir-una-mejor-ciudad-alfonso-martinez","status":"publish","type":"post","link":"https:\/\/radiowebmx.com\/nota\/gobierno-independiente-da-pasos-decididos-para-construir-una-mejor-ciudad-alfonso-martinez\/","title":{"rendered":"Gobierno Independiente da pasos decididos para construir una mejor ciudad: Alfonso Mart\u00ednez"},"content":{"rendered":"<p><img loading=\"lazy\" decoding=\"async\" class=\"alignleft size-full wp-image-31233\" src=\"https:\/\/radiowebmx.com\/nota\/wp-content\/uploads\/2017\/02\/629da30a-78b2-44ed-bb2d-f214d48512c8.jpeg\" alt=\"629da30a-78b2-44ed-bb2d-f214d48512c8\" width=\"709\" height=\"382\" srcset=\"https:\/\/radiowebmx.com\/nota\/wp-content\/uploads\/2017\/02\/629da30a-78b2-44ed-bb2d-f214d48512c8.jpeg 709w, https:\/\/radiowebmx.com\/nota\/wp-content\/uploads\/2017\/02\/629da30a-78b2-44ed-bb2d-f214d48512c8-300x162.jpeg 300w\" sizes=\"auto, (max-width: 709px) 100vw, 709px\" \/><\/p>\n<p>&nbsp;<\/p>\n<p>A poco m\u00e1s de un a\u00f1o de gesti\u00f3n del actual Gobierno Independiente, Morelia ha dado saltos agigantados como ninguna otra Administraci\u00f3n en materia de turismo, seguridad e infraestructura vial, por lo que continuar\u00e1 redoblando esfuerzos para continuar en esta ruta y brindar mejores oportunidades para el grueso de la poblaci\u00f3n, afirm\u00f3 el Presidente Municipal, Alfonso Mart\u00ednez Alc\u00e1zar, al sostener una pl\u00e1tica con alumnos de secundaria y bachillerato del Colegio Kh\u00e9pani.<\/p>\n<p>En el encuentro con los estudiantes, el Jefe de la Comuna Moreliana, comparti\u00f3 las experiencias, logros y retos en las actividades que actualmente desempe\u00f1a, y aprovech\u00f3 para conminar a los j\u00f3venes a prepararse y trabajar con pasi\u00f3n para lograr lo que desean en la vida.<br \/>\n&nbsp;<\/p>\n<p>Frente al director general de dicha instituci\u00f3n, Francisco Bravo D\u00edaz, afirm\u00f3 que en lo que a su funci\u00f3n corresponde, ha puesto todo el empe\u00f1o para poco a poco, construir la ciudad que todos anhelan, en la que tanto sus hijos, como los de las familias capitalinas, encuentren un mejor escenario social.<\/p>\n<p>\u201cSiempre dije en campa\u00f1a que a trav\u00e9s de esta posici\u00f3n quer\u00eda contribuir a que mis hijos y las de todos los morelianos, vivan en una ciudad con mejores oportunidades, por ello, estamos poniendo todo nuestro esfuerzo para mejorar el entorno, tanto en materia de seguridad, reactivaci\u00f3n econ\u00f3mica y obra p\u00fablica, que son las demandas m\u00e1s sentidas por la ciudadan\u00eda\u201d, insisti\u00f3 Mart\u00ednez Alc\u00e1zar.<\/p>\n<p>Tras compartir algunas de sus experiencias al llegar por primera vez por la v\u00eda independiente a la Administraci\u00f3n Municipal, subray\u00f3 que a diferencia de otros gobiernos, actualmente el Ayuntamiento est\u00e1 integrado \u201cpor ciudadanos que trabajan por y para los ciudadanos\u201d.<\/p>\n<p>En lo que se refiere a infraestructura vial, Alfonso Mart\u00ednez, resalt\u00f3 que \u201cen tan s\u00f3lo un a\u00f1o hemos dado un salto de cerca de 6 a\u00f1os\u201d, al poner en marcha obras integrales e incluyentes de repavimentaci\u00f3n y reencarpetamiento.<\/p>\n<p>\u201cDurante 50 a\u00f1os en la ciudad, se hizo todo pensando en los autom\u00f3viles, pero nadie pensaba en el peat\u00f3n o los ciclistas, ni en las personas con discapacidad, por ello, ahora, cada obra es inclusiva y estamos rehabilitando m\u00e1s de 35 kil\u00f3metros de vialidades de esta forma\u201d, a\u00f1adi\u00f3.<\/p>\n<p>Aunado a lo anterior, Mart\u00ednez Alc\u00e1zar, se\u00f1al\u00f3 uno de los ejes rectores del Gobierno que encabeza, es garantizar la tranquilidad de las familias morelianas; muestra de ello, precis\u00f3, es que en este lapso se cre\u00f3 la Polic\u00eda Municipal, duplicando el n\u00famero de elementos que en un inicio se ten\u00edan, con lo que suman 437 uniformados, en tanto la meta es cerrar este 2017 con 840 en total.<\/p>\n<p>\u201cLas estad\u00edsticas van mejorando en materia de seguridad, y con el aumento de polic\u00edas se dar\u00e1 un brinco enorme, logrando recuperar la paz y el orden en el municipio, adem\u00e1s que continuaremos apostando para que prevalezca como corporaci\u00f3n modelo, al ser la \u00fanica en el pa\u00eds con el 100 por ciento de los elementos acreditados con los ex\u00e1menes de control y confianza\u201d, explic\u00f3.<\/p>\n<p>Asimismo, el Presidente Municipal, refiri\u00f3 que en cuanto a la reactivaci\u00f3n econ\u00f3mica, el turismo repunt\u00f3 en el \u00faltimo a\u00f1o, con un incremento del 30 por ciento en afluencia tur\u00edstica; mientras, se han instalado y expandido empresas nacionales e internacionales en la ciudad, tales como Liverpool, mediante la colocaci\u00f3n del Call Center.<\/p>\n<p>El Alcalde, respondi\u00f3 cada una de las preguntas de los estudiantes, quienes lo escucharon con atenci\u00f3n y entusiasmo.<\/p>\n<p>Cabe destacar, que previo a la pl\u00e1tica, recorri\u00f3 las instalaciones del plantel educativo y posteriormente, recibi\u00f3 un reconocimiento de manos del director del Colegio Kh\u00e9pani.<\/p>\n","protected":false},"excerpt":{"rendered":"<p>A poco m\u00e1s de un a\u00f1o de gesti\u00f3n del actual Gobierno Independiente, Morelia ha dado saltos agigantados como ninguna otra Administraci\u00f3n en materia de turismo, seguridad e infraestructura vial, por lo que continuar\u00e1 redoblando esfuerzos para continuar en esta ruta y brindar mejores oportunidades para el grueso de la poblaci\u00f3n, afirm\u00f3 el Presidente Municipal<\/p>\n","protected":false},"author":1,"featured_media":31233,"comment_status":"open","ping_status":"open","sticky":false,"template":"","format":"standard","meta":{"footnotes":""},"categories":[14,9],"tags":[],"class_list":["post-31230","post","type-post","status-publish","format-standard","has-post-thumbnail","hentry","category-destacadas","category-morelia"],"_links":{"self":[{"href":"https:\/\/radiowebmx.com\/nota\/wp-json\/wp\/v2\/posts\/31230","targetHints":{"allow":["GET"]}}],"collection":[{"href":"https:\/\/radiowebmx.com\/nota\/wp-json\/wp\/v2\/posts"}],"about":[{"href":"https:\/\/radiowebmx.com\/nota\/wp-json\/wp\/v2\/types\/post"}],"author":[{"embeddable":true,"href":"https:\/\/radiowebmx.com\/nota\/wp-json\/wp\/v2\/users\/1"}],"replies":[{"embeddable":true,"href":"https:\/\/radiowebmx.com\/nota\/wp-json\/wp\/v2\/comments?post=31230"}],"version-history":[{"count":1,"href":"https:\/\/radiowebmx.com\/nota\/wp-json\/wp\/v2\/posts\/31230\/revisions"}],"predecessor-version":[{"id":31234,"href":"https:\/\/radiowebmx.com\/nota\/wp-json\/wp\/v2\/posts\/31230\/revisions\/31234"}],"wp:featuredmedia":[{"embeddable":true,"href":"https:\/\/radiowebmx.com\/nota\/wp-json\/wp\/v2\/media\/31233"}],"wp:attachment":[{"href":"https:\/\/radiowebmx.com\/nota\/wp-json\/wp\/v2\/media?parent=31230"}],"wp:term":[{"taxonomy":"category","embeddable":true,"href":"https:\/\/radiowebmx.com\/nota\/wp-json\/wp\/v2\/categories?post=31230"},{"taxonomy":"post_tag","embeddable":true,"href":"https:\/\/radiowebmx.com\/nota\/wp-json\/wp\/v2\/tags?post=31230"}],"curies":[{"name":"wp","href":"https:\/\/api.w.org\/{rel}","templated":true}]}}