{"id":31221,"date":"2017-02-13T10:42:18","date_gmt":"2017-02-13T16:42:18","guid":{"rendered":"https:\/\/radiowebmx.com\/nota\/?p=31221"},"modified":"2017-02-13T10:42:18","modified_gmt":"2017-02-13T16:42:18","slug":"reconocen-habitantes-de-santa-maria-apoyo-y-sensibilidad-del-gobierno-municipal-independiente","status":"publish","type":"post","link":"https:\/\/radiowebmx.com\/nota\/reconocen-habitantes-de-santa-maria-apoyo-y-sensibilidad-del-gobierno-municipal-independiente\/","title":{"rendered":"Reconocen habitantes de Santa Mar\u00eda apoyo y sensibilidad del Gobierno Municipal Independiente"},"content":{"rendered":"<p><img loading=\"lazy\" decoding=\"async\" class=\"alignleft size-full wp-image-31222\" src=\"https:\/\/radiowebmx.com\/nota\/wp-content\/uploads\/2017\/02\/eb202668-bee2-4fd3-b1c2-b37315954e73.jpeg\" alt=\"eb202668-bee2-4fd3-b1c2-b37315954e73\" width=\"709\" height=\"472\" srcset=\"https:\/\/radiowebmx.com\/nota\/wp-content\/uploads\/2017\/02\/eb202668-bee2-4fd3-b1c2-b37315954e73.jpeg 709w, https:\/\/radiowebmx.com\/nota\/wp-content\/uploads\/2017\/02\/eb202668-bee2-4fd3-b1c2-b37315954e73-300x200.jpeg 300w\" sizes=\"auto, (max-width: 709px) 100vw, 709px\" \/><\/p>\n<p>&nbsp;<\/p>\n<p>En el marco del Primer Aniversario de que Santa Mar\u00eda de Guido recuperara el estatus de Tenencia que se le hab\u00eda retirado en la pasada Administraci\u00f3n, los habitantes del lugar reconocieron \u00e9ste acto de sensibilidad del Ayuntamiento que encabeza el Alcalde, Alfonso Mart\u00ednez Alc\u00e1zar el cual ha permitido promover la continuidad de las tradiciones y la cultura de la comunidad.<\/p>\n<p>Con la presencia del Jefe de la Tenencia de Santa Mar\u00eda, Wilberth Rosas Monje; los Regidores, Adela Alejandre Flores, Alma Rosa Bahena Villalobos, Maria Elisa Garrido Perez, Jorge Luis Tinoco Ortiz y Benjam\u00edn Farfan Reyes; adem\u00e1s de los Secretarios Municipales Ireri Rivera Garc\u00eda, Jos\u00e9 Luis Gil V\u00e1zquez, Antonio Plaza Urbina y el S\u00edndico Municipal, Fabio Sistos Rangel, puntualiz\u00f3 que para el Gobierno Independiente Municipal, Santa Mar\u00eda es una prioridad, situaci\u00f3n que fue demostrada cuando por petici\u00f3n de la poblaci\u00f3n les fuera regresado hace un a\u00f1o el estatus de Tenencia.<\/p>\n<p>\u00abCon diversas acciones hemos dejado patente que para este Gobierno, Santa Maria es una prioridad, corregimos una medida de la pasada Administraci\u00f3n que no fue del agrado de los habitantes, al reestablecer el estatus de Tenencia reconocemos sus tradiciones y cultura\u00bb, dijo Sistos Rangel.<\/p>\n<p>Record\u00f3 que hace tan solo unos meses el Alcalde, Alfonso Mart\u00ednez brind\u00f3 atenci\u00f3n personal a los habitantes de la Tenencia con el programa \u201cPresidente en tu Colonia\u201d, esto aunado a las reuniones de seguridad sostenidas en el mismo lugar con otras instancias de Gobierno, que dan fe del inter\u00e9s por establecer una agenda de desarrollo para Santa Mar\u00eda.<\/p>\n<p>Sistos Rangel fue enf\u00e1tico al decir que en este a\u00f1o Morelia contar\u00e1 con 840 Polic\u00edas debidamente Acreditados, como fue anunciado por el Jefe de la Comuna Moreliana, situaci\u00f3n que permitir\u00e1 mejorar los tiempos de reacci\u00f3n en materia de seguridad, en especial en las Tenencias y Comunidades m\u00e1s alejadas de la ciudad.<\/p>\n<p>Por su parte Wilberth Rosas Monje reconoci\u00f3 la sensibilidad y el compromiso por parte de Alfonso Mart\u00ednez, no solamente por haber devuelto la Categor\u00eda a Santa Mar\u00eda sino por mantenerse al pendiente de las necesidades de sus habitantes.<\/p>\n<p>\u00abHubo o\u00eddos sensibles a la Comuna Moreliana, y nuestro Alcalde, Alfonso Mart\u00ednez, fue delicado a nuestra demanda, a nuestros reclamos y escuch\u00f3 nuestras razones y por ello a partir de esta fecha debemos honrar ese acto valiente del Cabildo Moreliano\u00bb, dijo Rosas Monje.<\/p>\n<p>Aunado a este reconocimiento verbal, los habitantes de Santa Mar\u00eda entregaron uno f\u00edsico a los representantes del Ayuntamiento por las acciones realizadas, y se mostraron dispuestos a trav\u00e9s de Rosas Monje a trabajar estrechamente con Alfonso Mart\u00ednez para continuar estableciendo acciones de desarrollo a favor de la Tenencia.<\/p>\n","protected":false},"excerpt":{"rendered":"<p>En el marco del Primer Aniversario de que Santa Mar\u00eda de Guido recuperara el estatus de Tenencia que se le hab\u00eda retirado en la pasada Administraci\u00f3n, los habitantes del lugar reconocieron \u00e9ste acto de sensibilidad del Ayuntamiento que encabeza el Alcalde, Alfonso Mart\u00ednez Alc\u00e1zar el cual ha permitido promover la continuidad de las tradiciones y la cultura de la comunidad.<\/p>\n","protected":false},"author":1,"featured_media":31222,"comment_status":"open","ping_status":"open","sticky":false,"template":"","format":"standard","meta":{"footnotes":""},"categories":[14,9],"tags":[],"class_list":["post-31221","post","type-post","status-publish","format-standard","has-post-thumbnail","hentry","category-destacadas","category-morelia"],"_links":{"self":[{"href":"https:\/\/radiowebmx.com\/nota\/wp-json\/wp\/v2\/posts\/31221","targetHints":{"allow":["GET"]}}],"collection":[{"href":"https:\/\/radiowebmx.com\/nota\/wp-json\/wp\/v2\/posts"}],"about":[{"href":"https:\/\/radiowebmx.com\/nota\/wp-json\/wp\/v2\/types\/post"}],"author":[{"embeddable":true,"href":"https:\/\/radiowebmx.com\/nota\/wp-json\/wp\/v2\/users\/1"}],"replies":[{"embeddable":true,"href":"https:\/\/radiowebmx.com\/nota\/wp-json\/wp\/v2\/comments?post=31221"}],"version-history":[{"count":1,"href":"https:\/\/radiowebmx.com\/nota\/wp-json\/wp\/v2\/posts\/31221\/revisions"}],"predecessor-version":[{"id":31224,"href":"https:\/\/radiowebmx.com\/nota\/wp-json\/wp\/v2\/posts\/31221\/revisions\/31224"}],"wp:featuredmedia":[{"embeddable":true,"href":"https:\/\/radiowebmx.com\/nota\/wp-json\/wp\/v2\/media\/31222"}],"wp:attachment":[{"href":"https:\/\/radiowebmx.com\/nota\/wp-json\/wp\/v2\/media?parent=31221"}],"wp:term":[{"taxonomy":"category","embeddable":true,"href":"https:\/\/radiowebmx.com\/nota\/wp-json\/wp\/v2\/categories?post=31221"},{"taxonomy":"post_tag","embeddable":true,"href":"https:\/\/radiowebmx.com\/nota\/wp-json\/wp\/v2\/tags?post=31221"}],"curies":[{"name":"wp","href":"https:\/\/api.w.org\/{rel}","templated":true}]}}