{"id":31220,"date":"2017-02-13T10:45:58","date_gmt":"2017-02-13T16:45:58","guid":{"rendered":"https:\/\/radiowebmx.com\/nota\/?p=31220"},"modified":"2017-02-13T10:45:58","modified_gmt":"2017-02-13T16:45:58","slug":"realizan-ssp-sedena-y-pgje-operativo-en-los-reyes","status":"publish","type":"post","link":"https:\/\/radiowebmx.com\/nota\/realizan-ssp-sedena-y-pgje-operativo-en-los-reyes\/","title":{"rendered":"Realizan SSP, Sedena y PGJE operativo en Los Reyes"},"content":{"rendered":"<p><img loading=\"lazy\" decoding=\"async\" class=\"alignleft size-full wp-image-31223\" src=\"https:\/\/radiowebmx.com\/nota\/wp-content\/uploads\/2017\/02\/89d60f10-1d48-4e8c-88eb-509fc32e693e.jpeg\" alt=\"89d60f10-1d48-4e8c-88eb-509fc32e693e\" width=\"591\" height=\"591\" srcset=\"https:\/\/radiowebmx.com\/nota\/wp-content\/uploads\/2017\/02\/89d60f10-1d48-4e8c-88eb-509fc32e693e.jpeg 591w, https:\/\/radiowebmx.com\/nota\/wp-content\/uploads\/2017\/02\/89d60f10-1d48-4e8c-88eb-509fc32e693e-150x150.jpeg 150w, https:\/\/radiowebmx.com\/nota\/wp-content\/uploads\/2017\/02\/89d60f10-1d48-4e8c-88eb-509fc32e693e-300x300.jpeg 300w, https:\/\/radiowebmx.com\/nota\/wp-content\/uploads\/2017\/02\/89d60f10-1d48-4e8c-88eb-509fc32e693e-80x80.jpeg 80w, https:\/\/radiowebmx.com\/nota\/wp-content\/uploads\/2017\/02\/89d60f10-1d48-4e8c-88eb-509fc32e693e-200x200.jpeg 200w\" sizes=\"auto, (max-width: 591px) 100vw, 591px\" \/>En seguimiento a la detenci\u00f3n de Juan V., presunto jefe de plaza de una c\u00e9lula delincuencial en el municipio de Ting\u00fcind\u00edn, autoridades estatales y federales llevaron a cabo en esta localidad el aseguramiento de un arma, cargadores, cartuchos y prendas de vestir con logotipos similares al de corporaciones policiales.<\/p>\n<p>En la acci\u00f3n participaron elementos de las Secretar\u00edas de Seguridad P\u00fablica del Estado (SSP) y de la Defensa Nacional (Sedena), as\u00ed como de la Procuradur\u00eda General de Justicia del Estado (PGJE).<\/p>\n<p>Los uniformados realizaban patrullajes por las calles y brechas\u00a0del municipio de Los Reyes para garantizar la seguridad de la poblaci\u00f3n y ubicar a otros integrantes de la c\u00e9lula delincuencial de Juan V., alias &#8220;El Nalg\u00f3n&#8221;.<\/p>\n<p>En la acci\u00f3n fueron localizados un fusil calibre 7.62, as\u00ed como seis cargadores y diversos cartuchos, adem\u00e1s de playeras con emblemas similares al de la Polic\u00eda Michoac\u00e1n y de la extinta Fuerza Rural.<\/p>\n<p>Esto se suma a las dos armas de fuego, 29 cartuchos y un veh\u00edculo que fueron asegurados el pasado 10 de febrero durante la captura del presunto l\u00edder delincuencial y uno de sus c\u00f3mplices.<\/p>\n<p>El arma, cargadores, cartuchos y playeras incautadas en los trabajos de seguimiento, fueron puestos a disposici\u00f3n de la autoridad competente.<\/p>\n<p>Los operativos se mantienen en esta localidad y municipios vecinos para inhibir la comisi\u00f3n de delitos.<\/p>\n","protected":false},"excerpt":{"rendered":"<p>En seguimiento a la detenci\u00f3n de Juan V., presunto jefe de plaza de una c\u00e9lula delincuencial en el municipio de Ting\u00fcind\u00edn, autoridades estatales y federales llevaron a cabo en esta localidad el aseguramiento de un arma, cargadores, cartuchos y prendas de vestir con logotipos similares al de corporaciones policiales.<\/p>\n","protected":false},"author":1,"featured_media":31223,"comment_status":"open","ping_status":"open","sticky":false,"template":"","format":"standard","meta":{"footnotes":""},"categories":[14,3],"tags":[],"class_list":["post-31220","post","type-post","status-publish","format-standard","has-post-thumbnail","hentry","category-destacadas","category-gobierno-del-estado-de-michoacan"],"_links":{"self":[{"href":"https:\/\/radiowebmx.com\/nota\/wp-json\/wp\/v2\/posts\/31220","targetHints":{"allow":["GET"]}}],"collection":[{"href":"https:\/\/radiowebmx.com\/nota\/wp-json\/wp\/v2\/posts"}],"about":[{"href":"https:\/\/radiowebmx.com\/nota\/wp-json\/wp\/v2\/types\/post"}],"author":[{"embeddable":true,"href":"https:\/\/radiowebmx.com\/nota\/wp-json\/wp\/v2\/users\/1"}],"replies":[{"embeddable":true,"href":"https:\/\/radiowebmx.com\/nota\/wp-json\/wp\/v2\/comments?post=31220"}],"version-history":[{"count":1,"href":"https:\/\/radiowebmx.com\/nota\/wp-json\/wp\/v2\/posts\/31220\/revisions"}],"predecessor-version":[{"id":31228,"href":"https:\/\/radiowebmx.com\/nota\/wp-json\/wp\/v2\/posts\/31220\/revisions\/31228"}],"wp:featuredmedia":[{"embeddable":true,"href":"https:\/\/radiowebmx.com\/nota\/wp-json\/wp\/v2\/media\/31223"}],"wp:attachment":[{"href":"https:\/\/radiowebmx.com\/nota\/wp-json\/wp\/v2\/media?parent=31220"}],"wp:term":[{"taxonomy":"category","embeddable":true,"href":"https:\/\/radiowebmx.com\/nota\/wp-json\/wp\/v2\/categories?post=31220"},{"taxonomy":"post_tag","embeddable":true,"href":"https:\/\/radiowebmx.com\/nota\/wp-json\/wp\/v2\/tags?post=31220"}],"curies":[{"name":"wp","href":"https:\/\/api.w.org\/{rel}","templated":true}]}}