{"id":31215,"date":"2017-02-13T10:38:16","date_gmt":"2017-02-13T16:38:16","guid":{"rendered":"https:\/\/radiowebmx.com\/nota\/?p=31215"},"modified":"2017-02-13T10:38:16","modified_gmt":"2017-02-13T16:38:16","slug":"con-transmision-especial-el-smrtv-celebrara-dia-mundial-de-la-radio","status":"publish","type":"post","link":"https:\/\/radiowebmx.com\/nota\/con-transmision-especial-el-smrtv-celebrara-dia-mundial-de-la-radio\/","title":{"rendered":"Con transmisi\u00f3n especial, el SMRTV celebrar\u00e1 D\u00eda Mundial de la Radio"},"content":{"rendered":"<p><img loading=\"lazy\" decoding=\"async\" class=\"alignleft size-full wp-image-31216\" src=\"https:\/\/radiowebmx.com\/nota\/wp-content\/uploads\/2017\/02\/4bf55edc-929e-4f75-9c40-15bd4fcec99e.jpg\" alt=\"4bf55edc-929e-4f75-9c40-15bd4fcec99e\" width=\"591\" height=\"482\" srcset=\"https:\/\/radiowebmx.com\/nota\/wp-content\/uploads\/2017\/02\/4bf55edc-929e-4f75-9c40-15bd4fcec99e.jpg 591w, https:\/\/radiowebmx.com\/nota\/wp-content\/uploads\/2017\/02\/4bf55edc-929e-4f75-9c40-15bd4fcec99e-300x245.jpg 300w\" sizes=\"auto, (max-width: 591px) 100vw, 591px\" \/>La directora general del Sistema Michoacano de Radio y Televisi\u00f3n (SMRTV), Gabriela Molina Aguilar, dio a conocer que este lunes 13 de febrero, en el marco del D\u00eda Mundial de la Radio, el medio p\u00fablico llevar\u00e1 a cabo una transmisi\u00f3n especial.<\/p>\n<p>La Feria de la Radio ser\u00e1 transmitida a trav\u00e9s de las frecuencias de SM Radio, Sinton\u00eda P\u00fablica, desde el Jard\u00edn de las Rosas, de las 09:00 y hasta las 13:00 horas, con la finalidad de acercar este medio de comunicaci\u00f3n a los escuchas.<\/p>\n<p>En La Feria de la Radio se realizar\u00e1n emisiones en vivo como Voces y Reflejos, programa de divulgaci\u00f3n cultural bajo la conducci\u00f3n de Yazm\u00edn David; Conversando, programa de entrevistas con el periodista Mario Hern\u00e1ndez; Aristas, programa de discusi\u00f3n y mesa redonda donde se abordar\u00e1 el tema de la importancia de la radio, bajo la batuta de Cecilia Barajas y Marivell Valle; adem\u00e1s de Botella al Mar, programa de literatura con la conducci\u00f3n de Damaris Flori\u00e1n.<\/p>\n<p>Ser\u00e1 un repertorio radiof\u00f3nico interesante e inclusivo, pensado en el inter\u00e9s y la participaci\u00f3n del p\u00fablico, por lo que se invita a las y los michoacanos a sintonizar las frecuencias de SM Radio a lo largo y ancho de todo el estado y, de ser posible, asistir al Jard\u00edn de las Rosas para celebrar juntos el D\u00eda Mundial de la Radio, que este a\u00f1o lleva por lema \u201cLa Radio eres T\u00fa\u201d.<\/p>\n<p>Con la Feria de la Radio, el SMRTV da inicio a una serie de cambios en su programaci\u00f3n en beneficio de las y los radioescuchas michoacanos y de otras latitudes que sintonizan SM Radio por internet, por lo que se solicita al p\u00fablico estar atento a las nuevas propuestas que SM Radio, Sinton\u00eda P\u00fablica, tendr\u00e1 pr\u00f3ximamente.<\/p>\n","protected":false},"excerpt":{"rendered":"<p>La directora general del SMRTV, Gabriela Molina Aguilar, dio a conocer que este lunes 13 de febrero, en el marco del D\u00eda Mundial de la Radio, el medio p\u00fablico llevar\u00e1 a cabo una transmisi\u00f3n especial.<\/p>\n","protected":false},"author":1,"featured_media":31216,"comment_status":"open","ping_status":"open","sticky":false,"template":"","format":"standard","meta":{"footnotes":""},"categories":[14,3],"tags":[],"class_list":["post-31215","post","type-post","status-publish","format-standard","has-post-thumbnail","hentry","category-destacadas","category-gobierno-del-estado-de-michoacan"],"_links":{"self":[{"href":"https:\/\/radiowebmx.com\/nota\/wp-json\/wp\/v2\/posts\/31215","targetHints":{"allow":["GET"]}}],"collection":[{"href":"https:\/\/radiowebmx.com\/nota\/wp-json\/wp\/v2\/posts"}],"about":[{"href":"https:\/\/radiowebmx.com\/nota\/wp-json\/wp\/v2\/types\/post"}],"author":[{"embeddable":true,"href":"https:\/\/radiowebmx.com\/nota\/wp-json\/wp\/v2\/users\/1"}],"replies":[{"embeddable":true,"href":"https:\/\/radiowebmx.com\/nota\/wp-json\/wp\/v2\/comments?post=31215"}],"version-history":[{"count":1,"href":"https:\/\/radiowebmx.com\/nota\/wp-json\/wp\/v2\/posts\/31215\/revisions"}],"predecessor-version":[{"id":31217,"href":"https:\/\/radiowebmx.com\/nota\/wp-json\/wp\/v2\/posts\/31215\/revisions\/31217"}],"wp:featuredmedia":[{"embeddable":true,"href":"https:\/\/radiowebmx.com\/nota\/wp-json\/wp\/v2\/media\/31216"}],"wp:attachment":[{"href":"https:\/\/radiowebmx.com\/nota\/wp-json\/wp\/v2\/media?parent=31215"}],"wp:term":[{"taxonomy":"category","embeddable":true,"href":"https:\/\/radiowebmx.com\/nota\/wp-json\/wp\/v2\/categories?post=31215"},{"taxonomy":"post_tag","embeddable":true,"href":"https:\/\/radiowebmx.com\/nota\/wp-json\/wp\/v2\/tags?post=31215"}],"curies":[{"name":"wp","href":"https:\/\/api.w.org\/{rel}","templated":true}]}}