{"id":31212,"date":"2017-02-13T10:39:20","date_gmt":"2017-02-13T16:39:20","guid":{"rendered":"https:\/\/radiowebmx.com\/nota\/?p=31212"},"modified":"2017-02-13T10:39:20","modified_gmt":"2017-02-13T16:39:20","slug":"destaca-sfa-gran-respuesta-de-las-y-los-michoacanos-a-subasta-de-vehiculos","status":"publish","type":"post","link":"https:\/\/radiowebmx.com\/nota\/destaca-sfa-gran-respuesta-de-las-y-los-michoacanos-a-subasta-de-vehiculos\/","title":{"rendered":"Destaca SFA gran respuesta de las y los michoacanos a subasta de veh\u00edculos"},"content":{"rendered":"<p><img loading=\"lazy\" decoding=\"async\" class=\"alignleft size-full wp-image-31218\" src=\"https:\/\/radiowebmx.com\/nota\/wp-content\/uploads\/2017\/02\/821230f7-c064-4bdb-b342-389444a63cbc.jpg\" alt=\"821230f7-c064-4bdb-b342-389444a63cbc\" width=\"709\" height=\"531\" srcset=\"https:\/\/radiowebmx.com\/nota\/wp-content\/uploads\/2017\/02\/821230f7-c064-4bdb-b342-389444a63cbc.jpg 709w, https:\/\/radiowebmx.com\/nota\/wp-content\/uploads\/2017\/02\/821230f7-c064-4bdb-b342-389444a63cbc-300x225.jpg 300w\" sizes=\"auto, (max-width: 709px) 100vw, 709px\" \/><\/p>\n<p>&nbsp;<\/p>\n<p><strong>Morelia, Michoac\u00e1n, a 12 de febrero de 2017.-<\/strong>\u00a0En un ambiente de absoluta formalidad, transparencia y en estricto apego a la ley, la Secretar\u00eda de Finanzas y Administraci\u00f3n (SFA) subast\u00f3 374 veh\u00edculos que eran propiedad del Gobierno del Estado con el objetivo de eliminar el hacinamiento de veh\u00edculos usados y la contaminaci\u00f3n por chatarra en el corral\u00f3n a cargo de la Direcci\u00f3n de Patrimonio, as\u00ed como de generar ingresos propios a las arcas estatales.<\/p>\n<p>Con la representaci\u00f3n del titular de al SFA, Carlos Maldonado Mendoza, a la subasta asisti\u00f3 el subsecretario de Administraci\u00f3n e Innovaci\u00f3n de Procesos, Diego Le\u00f1ero Leal; de igual forma, para dar fe y legalidad de la subasta, se cont\u00f3 con la presencia del notario p\u00fablico 171, Alejandro M\u00e9ndez L\u00f3pez; adem\u00e1s, de representantes de Contralor\u00eda de gobierno, as\u00ed como del Grupo Zapata; el director de la empresa subastadora V4B Subastadora Automotriz, Jos\u00e9 Manuel Garc\u00eda y su equipo jur\u00eddico corporativo.<\/p>\n<p>La gran respuesta de parte de las y los ciudadanos se not\u00f3 desde las 10:00 horas del pasado viernes en el Centro de Convenciones y Exposiciones de Morelia, sede de la subasta. Los registros quedaron abiertos en la p\u00e1gina de la subastadora por parte de la SFA a partir del 27 de enero, lo que result\u00f3 en registro de 142 oferentes.<\/p>\n<p>Con este tipo de acciones, la SFA atiende las necesidades del Gobierno del Estado, que encabeza Silvano Aureoles Conejo, en cuanto a eficientar los espacios y herramientas de la administraci\u00f3n p\u00fablica con el objetivo de realizar un mejor trabajo y servicio a la poblaci\u00f3n; as\u00ed como de buscar e implementar mecanismos que fortalezcan las finanzas mediante la generaci\u00f3n de recursos propios.<\/p>\n","protected":false},"excerpt":{"rendered":"<p>En un ambiente de absoluta formalidad, transparencia y en estricto apego a la ley, la Secretar\u00eda de Finanzas y Administraci\u00f3n (SFA) subast\u00f3 374 veh\u00edculos que eran propiedad del Gobierno del Estado con el objetivo de eliminar el hacinamiento de veh\u00edculos usados y la contaminaci\u00f3n por chatarra en el corral\u00f3n a cargo de la Direcci\u00f3n de Patrimonio, as\u00ed como de generar ingresos propios a las arcas estatales.<\/p>\n","protected":false},"author":1,"featured_media":31218,"comment_status":"open","ping_status":"open","sticky":false,"template":"","format":"standard","meta":{"footnotes":""},"categories":[14,3],"tags":[],"class_list":["post-31212","post","type-post","status-publish","format-standard","has-post-thumbnail","hentry","category-destacadas","category-gobierno-del-estado-de-michoacan"],"_links":{"self":[{"href":"https:\/\/radiowebmx.com\/nota\/wp-json\/wp\/v2\/posts\/31212","targetHints":{"allow":["GET"]}}],"collection":[{"href":"https:\/\/radiowebmx.com\/nota\/wp-json\/wp\/v2\/posts"}],"about":[{"href":"https:\/\/radiowebmx.com\/nota\/wp-json\/wp\/v2\/types\/post"}],"author":[{"embeddable":true,"href":"https:\/\/radiowebmx.com\/nota\/wp-json\/wp\/v2\/users\/1"}],"replies":[{"embeddable":true,"href":"https:\/\/radiowebmx.com\/nota\/wp-json\/wp\/v2\/comments?post=31212"}],"version-history":[{"count":1,"href":"https:\/\/radiowebmx.com\/nota\/wp-json\/wp\/v2\/posts\/31212\/revisions"}],"predecessor-version":[{"id":31219,"href":"https:\/\/radiowebmx.com\/nota\/wp-json\/wp\/v2\/posts\/31212\/revisions\/31219"}],"wp:featuredmedia":[{"embeddable":true,"href":"https:\/\/radiowebmx.com\/nota\/wp-json\/wp\/v2\/media\/31218"}],"wp:attachment":[{"href":"https:\/\/radiowebmx.com\/nota\/wp-json\/wp\/v2\/media?parent=31212"}],"wp:term":[{"taxonomy":"category","embeddable":true,"href":"https:\/\/radiowebmx.com\/nota\/wp-json\/wp\/v2\/categories?post=31212"},{"taxonomy":"post_tag","embeddable":true,"href":"https:\/\/radiowebmx.com\/nota\/wp-json\/wp\/v2\/tags?post=31212"}],"curies":[{"name":"wp","href":"https:\/\/api.w.org\/{rel}","templated":true}]}}