{"id":31195,"date":"2017-02-13T10:22:05","date_gmt":"2017-02-13T16:22:05","guid":{"rendered":"https:\/\/radiowebmx.com\/nota\/?p=31195"},"modified":"2017-02-13T10:22:05","modified_gmt":"2017-02-13T16:22:05","slug":"temas-de-cafe-611","status":"publish","type":"post","link":"https:\/\/radiowebmx.com\/nota\/temas-de-cafe-611\/","title":{"rendered":"TEMAS DE CAF\u00c9"},"content":{"rendered":"<p>No cabe\u00a0 duda que la redes sociales son como una arma de doble filo, durante la semana pasada hubo un enfrentamiento, entre quienes apoyaron a las dos marchas que\u00a0 se realizaron, en varias ciudades del pa\u00eds incluida Morelia y principalmente, en la ciudad de M\u00e9xico y quienes criticaron en forma dura ambas marchas, fueron quienes tradicionalmente acuden o apoyan, las marchas y plantones que realizan grupos de izquierda o bien, la CNTE o diversos grupos<\/p>\n<p>pues consideran que dentro del llamado, para protestar contra el presidente norteamericano Donald Trump, estaba el llamado para apoyar al presidente de M\u00e9xico, Enrique Pe\u00f1a Nieto y como le comentamos la semana pasada, hubo intentos de suspenderlas y hasta de boicotearlas, y suspender por lo menos una porque ambas se\u00a0 programaron, para la misma hora y con el mismo objetivo, y terminar\u00edan en el mismo lugar en el Angel de la Independencia.<\/p>\n<p>PREVALECI\u00d3 LA DE VIBRAMEXICO<\/p>\n<p>As\u00ed finalmente entre los dimes y diretes prevaleci\u00f3, finalmente la del grupo VibraM\u00e9xico que en la capital del pa\u00eds, concentr\u00f3 a m\u00e1s de veinte mil personas mientras que la otra, solamente pudo concentrar a un poco m\u00e1s de dos mil personas, pero en Morelia fue\u00a0 una manifestaci\u00f3n importante que participaron, varios miles de personas desde la Plaza Morelos hasta Palacio de Gobierno, pero los universitarios culminaron su marcha en el Colegio de San Nicol\u00e1s.<\/p>\n<p>UNIVERSITARIOS, SIMBOLICAMENTE IMPORTANTES<\/p>\n<p>Desde luego la marcha convocada por el grupo VibraM\u00e9xico, fue apoyada por diversos grupos de intelectuales, y por la UNAM de esta manera en la entidad,\u00a0 fue el rector de la Universidad Michoacana Medardo Serna, quien invit\u00f3 a participar en esta marcha a la comunidad universitaria, la cual respondi\u00f3 en forma interesante ya que fue un importante contingente, de la Casa de Hidalgo el cual le dio fuerza a la protesta, cabe se\u00f1alar que en esta marcha prevaleci\u00f3 la protesta,\u00a0 contra la Xenofobia y racismo\u00a0 de Trump, y en escasas ocasiones se dej\u00f3 escuchar el Fuera Pe\u00f1a Nieto.<\/p>\n<p>TRADICIONALES MARCHISTAS PROTESTARON<\/p>\n<p>Por cierto llam\u00f3 la atenci\u00f3n en las redes sociales, la protesta de la personas que tradicionalmente marchan, apoyan esta forma\u00a0 de protesta en las calles parece que se sienten due\u00f1as, de estas formas de protestar y no quieren competencia en este en este aspecto, como si solamente sus marchas tuvieran validez, o las que son para criticar y hasta insultar al gobierno, o a las dependencias gubernamentales.<\/p>\n<p>NO ES LEY ANTIMARCHAS, SOLAMENTE ES PONER ORDEN<\/p>\n<p>La verdad no sabemos porque algunos medios de comunicaci\u00f3n, insisten en calificar a la ley mediante la cual se pretende, regular las marchas que desde hace varias d\u00e9cadas han caudado serios da\u00f1os, a la econom\u00eda de los establecimientos comerciales,\u00a0 ubicados en el Centro Hist\u00f3rico de Morelia, principalmente por los plantones y problemas a los morelianos, tanto peatones como conductores de veh\u00edculos.<\/p>\n<p>Porque obstruyen el tr\u00e1nsito y la circulaci\u00f3n de los veh\u00edculos, y desde luego alejan a los inversionistas y turistas, por los constantes problemas sociales sin control en la avenida Madero principalmente, as\u00ed de esta manera no se le puede ni debe llamar, ley anti marchas ya se lo hemos comentado, solamente es una ley que pretende regular tanto las marchas, como los constantes plantones para evitar problemas, a terceros ya que nadie quiere ni puede limitarles sus derechos, a la gente sobre la libre manifestaci\u00f3n.<\/p>\n<p>ROSA MARIA DE LA TORRE, SE TIENEN AVANCES<\/p>\n<p>Ha sido la diputada Rosa Mar\u00eda de la Torre presidenta, de la Comisi\u00f3n de Puntos Constitucionales en el Congreso michoacano, quien afirm\u00f3 que\u00a0 a estas alturas se tienen\u00a0 avances, sobre esta\u00a0 iniciativa contando con la aprobaci\u00f3n de las bancadas, del PRI y del PAN hasta ahora de esta manera se facultar\u00eda, a las fuerzas del orden para que sin usar armas puedan contener, las manifestaciones que se salgan de control como ha sucedido,\u00a0 en varias ocasiones destruyendo algunas propiedades privadas.<\/p>\n<p>EN UNOS DIAS M\u00c1S. EL PRD HIZO OBSERVACIONES<\/p>\n<p>En unos d\u00edas m\u00e1s se proceder\u00e1 a afinar algunas cuestiones, que quedaron pendientes como las observaciones que realizaron, los integrantes de la bancada del PRD porque hasta el momento, no se han definido \u00a0y aunque ya casi se tienen los votos necesarios para su aprobaci\u00f3n, se busca tener un mayor consenso.<\/p>\n<p>En el caso del maestro Gumesindo Garc\u00eda Morelos quien ha se\u00f1alado, algunos aspectos violatorios de los derechos humanos, hasta ahora no los ha concretado oficialmente aunque claro, se corre el riesgo de que esta ley sea llevada a los tribunales, por quienes piensan que les viola sus derechos y desde luego nadie, les puede quitar esa posibilidad mientras tanto se trabaja para elaborar, una ley que no\u00a0 viole derechos y proteger los de terceros.<\/p>\n<p>A REVISION VARIOS DELEGADOS, ACUSARON A SAGARPA<\/p>\n<p>Avanza la revisi\u00f3n de los delegados federales en la entidad, y uno de ellos se aplica con lupa, en Sagarpa donde Jaime Rodr\u00edguez est\u00e1 en la balanza,\u00a0 sobre todo despu\u00e9s de la acusaci\u00f3n hecha por el dirigente, estatal de la CNC Jes\u00fas Luna ante su dirigente nacional, Manuel Cota Jim\u00e9nez quien hoy es candidato al gobierno de Nayarit, y el dirigente nacional del PRI Enrique Ochoa Reza.<\/p>\n<p>Por el asunto de los tractores\u00a0 ya cay\u00f3 un titular de una dependencia estatal, y ahora pone en peligro la permanencia de Jaime Rodr\u00edguez, ya que Jes\u00fas Luna dijo que era un insulto para los cenecistas michoacanos, que de un universo de 870 tractores entregados en la entidad hasta la fecha, solamente a la CNC le hayan entregado doce hasta ahora, y le han puesto barreras infranqueables a los cenecistas para obtener su tractor.<\/p>\n<p>ARMANDO BALLINAS, PARECE UNA PROTECCI\u00d3N<\/p>\n<p>Este fin de semana como les comentamos la Asociaci\u00f3n de Ex Legisladores Morelos, que fue fundada y presidida por Mario Maga\u00f1a desde hace m\u00e1s de m\u00e1s de ocho a\u00f1os, cambi\u00f3 de dirigente en una reuni\u00f3n donde estuvieron viejas glorias, del priismo michoacano aunque no estuvieron todos los que son, ni son todos los que estuvieron en fin no hubo novedad, ya les hab\u00edamos comentado sobre la posibilidad de que Armando Ballinas May\u00e9s, fuera elegido ya que Wilfrido L\u00e1zaro Medina, quien tambi\u00e9n\u00a0 estuvo,\u00a0 en un principio en el proceso declin\u00f3 hace unos d\u00edas.<\/p>\n<p>Esta reuni\u00f3n fue presidida por el dirigente estatal del PRI, V\u00edctor Silva Tejeda y ah\u00ed se pudieron saludar gente, como Jaime Mares Camarena, Emilio Sol\u00f3rzano, Juli\u00e1n Rodr\u00edguez Sesmas, Guillermo Valencia, Omar No\u00e9 Bernardino quien insiste en ser priista,\u00a0 y bueno era cuando fue diputado local, Jos\u00e9 Juan Mar\u00edn, Elio N\u00fa\u00f1ez Rueda, Raymundo Arreola, Alfredo Anaya, Salvador Galv\u00e1n, Virgilio Pineda y varios m\u00e1s quienes aseguraron cerrar\u00e1n filas, para poder recuperar varios puestos de los que se han perdido, principalmente por la falta de unidad de los diferentes grupos priistas.<\/p>\n<p>MORENA, PAN Y PRD EN CAMPA\u00d1A Y REGA\u00d1AN A IVONNE<\/p>\n<p>Casos raros en la pol\u00edtica mexicana porque usted sabe muy bien, que Amlo anda en plena campa\u00f1a para la presidencia de M\u00e9xico, no por la candidatura que ya lo es pues es due\u00f1o total y absoluto de Morena, en cuanto al PAN Margarita Zavala y Ricardo Anaya como Rafael Moreno Valle, y por el PRD sin ser del PRD Miguel Angel Mancera mientras que por el PRI, no hay nadie que cuente con el respaldo de la dirigencia nacional, ya que hace d\u00edas Enrique Ochoa Reza le llam\u00f3 la atenci\u00f3n, a Ivonne Ortega le dijo que no eran a\u00fan los tiempos y que se tranquilizara.<\/p>\n<p>LO MISMO LE DIJO PE\u00d1A NIETO A OSORIO CHONG<\/p>\n<p>Lo mismo le dijo hace\u00a0 unas semanas el presidente de M\u00e9xico, al secretario de gobernaci\u00f3n Miguel Angel Osorio Chong, quien por las redes\u00a0 hab\u00eda presentado algunos aspectos, de su quehacer diario le dio p\u00fablicamente que a\u00fan no eran los tiempos, o sea entendemos que ni el presidente Pe\u00f1a Nieto ni el nacional del PRI, Ochoa Reza quieren presiones hasta que ellos decidan qui\u00e9n va a ser el abanderado, pero como est\u00e1n los tiempos hoy est\u00e1n\u00a0 perdiendo tiempo que est\u00e1 siendo aprovechado, por los contrarios como ya se lo hemos demostrado.<\/p>\n<p>JUAN BERNARDO INTIMIDA A UNA REPORTERA<\/p>\n<p>El viernes pasado Juan Bernardo Corona intent\u00f3 intimidar a Alejandra Mart\u00ednez, reportera que grab\u00f3 dijo Juan Bernardo una conversaci\u00f3n privada, esto lo molest\u00f3 y le dijo que no lo hiciera, esto cre\u00f3 un conflicto entre algunos medios de comunicaci\u00f3n, y Juan Bernardo debe entender que si ataca a una reportera, ataca a todos los periodistas.<\/p>\n","protected":false},"excerpt":{"rendered":"<p>\u2022\t\u00bfHAY MARCHAS BUENAS Y MALAS?<br \/>\n\u2022\tCNC SOLO 12 TRACTORES DE 870<br \/>\n\u2022\tMORENA,PRD Y PAN YA, PRI AUN NO<br \/>\n\u2022\tLA ANTI MARCHAS NO, SOLO ORDEN<\/p>\n","protected":false},"author":1,"featured_media":0,"comment_status":"open","ping_status":"open","sticky":false,"template":"","format":"standard","meta":{"footnotes":""},"categories":[4,10],"tags":[],"class_list":["post-31195","post","type-post","status-publish","format-standard","hentry","category-columnistas","category-juan-manuel-belmonte"],"_links":{"self":[{"href":"https:\/\/radiowebmx.com\/nota\/wp-json\/wp\/v2\/posts\/31195","targetHints":{"allow":["GET"]}}],"collection":[{"href":"https:\/\/radiowebmx.com\/nota\/wp-json\/wp\/v2\/posts"}],"about":[{"href":"https:\/\/radiowebmx.com\/nota\/wp-json\/wp\/v2\/types\/post"}],"author":[{"embeddable":true,"href":"https:\/\/radiowebmx.com\/nota\/wp-json\/wp\/v2\/users\/1"}],"replies":[{"embeddable":true,"href":"https:\/\/radiowebmx.com\/nota\/wp-json\/wp\/v2\/comments?post=31195"}],"version-history":[{"count":1,"href":"https:\/\/radiowebmx.com\/nota\/wp-json\/wp\/v2\/posts\/31195\/revisions"}],"predecessor-version":[{"id":31196,"href":"https:\/\/radiowebmx.com\/nota\/wp-json\/wp\/v2\/posts\/31195\/revisions\/31196"}],"wp:attachment":[{"href":"https:\/\/radiowebmx.com\/nota\/wp-json\/wp\/v2\/media?parent=31195"}],"wp:term":[{"taxonomy":"category","embeddable":true,"href":"https:\/\/radiowebmx.com\/nota\/wp-json\/wp\/v2\/categories?post=31195"},{"taxonomy":"post_tag","embeddable":true,"href":"https:\/\/radiowebmx.com\/nota\/wp-json\/wp\/v2\/tags?post=31195"}],"curies":[{"name":"wp","href":"https:\/\/api.w.org\/{rel}","templated":true}]}}