{"id":31189,"date":"2017-02-13T10:19:00","date_gmt":"2017-02-13T16:19:00","guid":{"rendered":"https:\/\/radiowebmx.com\/nota\/?p=31189"},"modified":"2017-02-13T10:19:00","modified_gmt":"2017-02-13T16:19:00","slug":"trabajo-conjunto-entre-ejecutivo-y-legislativo-por-la-zee-de-lazaro-cardenas-adriana-hernandez","status":"publish","type":"post","link":"https:\/\/radiowebmx.com\/nota\/trabajo-conjunto-entre-ejecutivo-y-legislativo-por-la-zee-de-lazaro-cardenas-adriana-hernandez\/","title":{"rendered":"Trabajo conjunto entre Ejecutivo y Legislativo por la ZEE de L\u00e1zaro C\u00e1rdenas: Adriana Hern\u00e1ndez"},"content":{"rendered":"<p class=\"x_m_5705319224690324937gmail-MsoNoSpacing\"><img loading=\"lazy\" decoding=\"async\" class=\"alignleft size-full wp-image-31193\" src=\"https:\/\/radiowebmx.com\/nota\/wp-content\/uploads\/2017\/02\/DSC_1795-1.jpg\" alt=\"DSC_1795\" width=\"591\" height=\"394\" srcset=\"https:\/\/radiowebmx.com\/nota\/wp-content\/uploads\/2017\/02\/DSC_1795-1.jpg 591w, https:\/\/radiowebmx.com\/nota\/wp-content\/uploads\/2017\/02\/DSC_1795-1-300x200.jpg 300w\" sizes=\"auto, (max-width: 591px) 100vw, 591px\" \/>Con ello \u2013dijo- se muestra la voluntad del gobierno estatal para impulsar el desarrollo de Michoac\u00e1n y no s\u00f3lo de la instalaci\u00f3n portuaria, asegur\u00f3 la diputada Adriana Hern\u00e1ndez \u00cd\u00f1iguez, presidente de la Junta de Coordinaci\u00f3n Pol\u00edtica del Congreso del Estado.<\/p>\n<p class=\"x_m_5705319224690324937gmail-MsoNoSpacing\">\n<p class=\"x_m_5705319224690324937gmail-MsoNoSpacing\">Agreg\u00f3 que hasta ahora, existen dos L\u00e1zaro C\u00e1rdenas, uno es el Puerto con grandes avances tecnol\u00f3gicos y log\u00edsticos que lo colocan entre los principales del mundo y la ciudad, cuyos habitantes contin\u00faan desenvolvi\u00e9ndose en condiciones de bajo desarrollo y s\u00f3lo pueden ver el progreso cuando visitan la instalaci\u00f3n portuaria o cuando ven pasar los transportes de carga.<\/p>\n<p class=\"x_m_5705319224690324937gmail-MsoNoSpacing\">\n<p class=\"x_m_5705319224690324937gmail-MsoNoSpacing\">Hern\u00e1ndez \u00cd\u00f1iguez reconoci\u00f3 la voluntad mostrada por el gobernador Silvano Aureoles, al haber impulsado la reuni\u00f3n de la Conago en la que se instal\u00f3 la Comisi\u00f3n para el Desarrollo de Zonas Econ\u00f3micas Especiales y en la que el Secretario de Hacienda Jos\u00e9 Antonio Meade puntualiz\u00f3 que se descontar\u00e1 el pago del impuesto sobre la renta, tanto a empresas como a personas f\u00edsicas, el 100% de la carga tributaria durante diez a\u00f1os, y el 50% durante los subsecuentes cinco, adem\u00e1s de otros apoyos como el pago de cuotas obrero-patronales al IMSS.<\/p>\n<p class=\"x_m_5705319224690324937gmail-MsoNoSpacing\">\n<p class=\"x_m_5705319224690324937gmail-MsoNoSpacing\">Los sectores automotriz, metalmec\u00e1nico, sider\u00fargico, qu\u00edmico, el\u00e9ctrico y de la construcci\u00f3n para los que se encuentra enfocada la Zona Econ\u00f3mica Especial de L\u00e1zaro C\u00e1rdenas, podr\u00e1n impulsar el desarrollo regional en beneficio de los habitantes que actualmente se debaten en condiciones econ\u00f3micas y sociales desventajosas respecto a los que viven en la zona norte del pa\u00eds, asegur\u00f3.<\/p>\n<p class=\"x_m_5705319224690324937gmail-MsoNoSpacing\">\n<p class=\"x_m_5705319224690324937gmail-MsoNoSpacing\">La diputada por La Piedad, consider\u00f3 que la participaci\u00f3n decidida del gobierno estatal y de la presidencia municipal, ser\u00e1n fundamentales para hacer realidad el proyecto para convertirlo en un motor de desarrollo, mediante una coordinaci\u00f3n estrecha entre los tres \u00f3rdenes de gobierno.<\/p>\n<p class=\"x_m_5705319224690324937gmail-MsoNoSpacing\">\n<p class=\"x_m_5705319224690324937gmail-MsoNoSpacing\">En ese sentido, record\u00f3 que en la pasada sesi\u00f3n legislativa, con la voluntad de todas las fuerzas pol\u00edticas representadas en el Congreso, \u00a0se aprob\u00f3 la creaci\u00f3n de Comisi\u00f3n Especial para el seguimiento de la Zona Econ\u00f3mica Especial de L\u00e1zaro C\u00e1rdenas, que preside la diputada \u00a0Elo\u00edsa Berber Zerme\u00f1o, quien adem\u00e1s, present\u00f3 la iniciativa para armonizar la legislaci\u00f3n local con la federal en el tema, misma que se encuentra en comisiones para ser presentada al pleno a la brevedad.<\/p>\n<p class=\"x_m_5705319224690324937gmail-MsoNoSpacing\">\n<p class=\"x_m_5705319224690324937gmail-MsoNoSpacing\">Finalmente, la tambi\u00e9n coordinadora del Grupo Parlamentario del PRI, afirm\u00f3 que con el arribo de nuevas y grandes inversiones, se fortalecer\u00e1 el mercado interno y la competitividad internacional pero, sobre todo, se esperan beneficios a largo y mediano plazo en materia de empleo lo que redundar\u00e1 necesariamente en el bienestar econ\u00f3mico y social de los michoacanos.<\/p>\n","protected":false},"excerpt":{"rendered":"<p>Con la instalaci\u00f3n en el Puerto de L\u00e1zaro C\u00e1rdenas, Michoac\u00e1n de la Comisi\u00f3n de las Zonas Econ\u00f3micas Especiales de la Conago, se da un paso firme para la consolidaci\u00f3n de este proyecto iniciado y operado por el presidente Enrique Pe\u00f1a Nieto. <\/p>\n","protected":false},"author":1,"featured_media":31193,"comment_status":"open","ping_status":"open","sticky":false,"template":"","format":"standard","meta":{"footnotes":""},"categories":[14,11,12],"tags":[],"class_list":["post-31189","post","type-post","status-publish","format-standard","has-post-thumbnail","hentry","category-destacadas","category-partidos-politicos","category-pri"],"_links":{"self":[{"href":"https:\/\/radiowebmx.com\/nota\/wp-json\/wp\/v2\/posts\/31189","targetHints":{"allow":["GET"]}}],"collection":[{"href":"https:\/\/radiowebmx.com\/nota\/wp-json\/wp\/v2\/posts"}],"about":[{"href":"https:\/\/radiowebmx.com\/nota\/wp-json\/wp\/v2\/types\/post"}],"author":[{"embeddable":true,"href":"https:\/\/radiowebmx.com\/nota\/wp-json\/wp\/v2\/users\/1"}],"replies":[{"embeddable":true,"href":"https:\/\/radiowebmx.com\/nota\/wp-json\/wp\/v2\/comments?post=31189"}],"version-history":[{"count":1,"href":"https:\/\/radiowebmx.com\/nota\/wp-json\/wp\/v2\/posts\/31189\/revisions"}],"predecessor-version":[{"id":31194,"href":"https:\/\/radiowebmx.com\/nota\/wp-json\/wp\/v2\/posts\/31189\/revisions\/31194"}],"wp:featuredmedia":[{"embeddable":true,"href":"https:\/\/radiowebmx.com\/nota\/wp-json\/wp\/v2\/media\/31193"}],"wp:attachment":[{"href":"https:\/\/radiowebmx.com\/nota\/wp-json\/wp\/v2\/media?parent=31189"}],"wp:term":[{"taxonomy":"category","embeddable":true,"href":"https:\/\/radiowebmx.com\/nota\/wp-json\/wp\/v2\/categories?post=31189"},{"taxonomy":"post_tag","embeddable":true,"href":"https:\/\/radiowebmx.com\/nota\/wp-json\/wp\/v2\/tags?post=31189"}],"curies":[{"name":"wp","href":"https:\/\/api.w.org\/{rel}","templated":true}]}}