{"id":31178,"date":"2017-02-11T10:04:02","date_gmt":"2017-02-11T16:04:02","guid":{"rendered":"https:\/\/radiowebmx.com\/nota\/?p=31178"},"modified":"2017-02-13T10:06:54","modified_gmt":"2017-02-13T16:06:54","slug":"avanza-el-programa-cultura-de-paz-en-planteles-del-cobaem","status":"publish","type":"post","link":"https:\/\/radiowebmx.com\/nota\/avanza-el-programa-cultura-de-paz-en-planteles-del-cobaem\/","title":{"rendered":"Avanza el programa Cultura de Paz en planteles del Cobaem"},"content":{"rendered":"<p><img loading=\"lazy\" decoding=\"async\" class=\"alignleft size-full wp-image-31179\" src=\"https:\/\/radiowebmx.com\/nota\/wp-content\/uploads\/2017\/02\/d1ce3634-4ce0-4ee7-84a2-5502f5f59479.jpg\" alt=\"d1ce3634-4ce0-4ee7-84a2-5502f5f59479\" width=\"709\" height=\"398\" srcset=\"https:\/\/radiowebmx.com\/nota\/wp-content\/uploads\/2017\/02\/d1ce3634-4ce0-4ee7-84a2-5502f5f59479.jpg 709w, https:\/\/radiowebmx.com\/nota\/wp-content\/uploads\/2017\/02\/d1ce3634-4ce0-4ee7-84a2-5502f5f59479-300x168.jpg 300w, https:\/\/radiowebmx.com\/nota\/wp-content\/uploads\/2017\/02\/d1ce3634-4ce0-4ee7-84a2-5502f5f59479-284x158.jpg 284w, https:\/\/radiowebmx.com\/nota\/wp-content\/uploads\/2017\/02\/d1ce3634-4ce0-4ee7-84a2-5502f5f59479-128x72.jpg 128w\" sizes=\"auto, (max-width: 709px) 100vw, 709px\" \/><\/p>\n<p>&nbsp;<\/p>\n<p><strong>Uruapan, Michoac\u00e1n, a 11 de febrero de 2017.-<\/strong> Estudiantes del plantel Uruapan del Colegio de Bachilleres del Estado de Michoac\u00e1n (Cobaem) asistieron a la conferencia magistral \u201cEl nuevo ciudadano y sus derechos humanos\u201d, en el marco del arranque del programa Escuela de Prevenci\u00f3n, emprendido por el Ayuntamiento de ese municipio.<\/p>\n<p>La conferencia, que fue dictada por el coordinador de Estudios, Divulgaci\u00f3n y Capacitaci\u00f3n de la Comisi\u00f3n Estatal de los Derechos Humanos (CEDH), Gerardo Herrera P\u00e9rez,\u00a0tambi\u00e9n forma parte del programa transversal Cultura de Paz, que el Cobaem implementa en sus planteles desde el a\u00f1o pasado con el objetivo de coadyuvar en la construcci\u00f3n de una paz duradera en la entidad.<\/p>\n<p>Cabe destacar que la Red de Divulgaci\u00f3n de los Derechos Humanos del subsistema,\u00a0contin\u00faa con actividades para inculcar en las y los estudiantes una mejor forma de pensar para impulsar una convivencia sana, sin violencia y de respeto.<\/p>\n","protected":false},"excerpt":{"rendered":"<p>Estudiantes del plantel Uruapan del Colegio de Bachilleres del Estado de Michoac\u00e1n (Cobaem) asistieron a la conferencia magistral \u201cEl nuevo ciudadano y sus derechos humanos\u201d, en el marco del arranque del programa Escuela de Prevenci\u00f3n, emprendido por el Ayuntamiento de ese municipio.<\/p>\n","protected":false},"author":1,"featured_media":31179,"comment_status":"open","ping_status":"open","sticky":false,"template":"","format":"standard","meta":{"footnotes":""},"categories":[14,3],"tags":[],"class_list":["post-31178","post","type-post","status-publish","format-standard","has-post-thumbnail","hentry","category-destacadas","category-gobierno-del-estado-de-michoacan"],"_links":{"self":[{"href":"https:\/\/radiowebmx.com\/nota\/wp-json\/wp\/v2\/posts\/31178","targetHints":{"allow":["GET"]}}],"collection":[{"href":"https:\/\/radiowebmx.com\/nota\/wp-json\/wp\/v2\/posts"}],"about":[{"href":"https:\/\/radiowebmx.com\/nota\/wp-json\/wp\/v2\/types\/post"}],"author":[{"embeddable":true,"href":"https:\/\/radiowebmx.com\/nota\/wp-json\/wp\/v2\/users\/1"}],"replies":[{"embeddable":true,"href":"https:\/\/radiowebmx.com\/nota\/wp-json\/wp\/v2\/comments?post=31178"}],"version-history":[{"count":1,"href":"https:\/\/radiowebmx.com\/nota\/wp-json\/wp\/v2\/posts\/31178\/revisions"}],"predecessor-version":[{"id":31180,"href":"https:\/\/radiowebmx.com\/nota\/wp-json\/wp\/v2\/posts\/31178\/revisions\/31180"}],"wp:featuredmedia":[{"embeddable":true,"href":"https:\/\/radiowebmx.com\/nota\/wp-json\/wp\/v2\/media\/31179"}],"wp:attachment":[{"href":"https:\/\/radiowebmx.com\/nota\/wp-json\/wp\/v2\/media?parent=31178"}],"wp:term":[{"taxonomy":"category","embeddable":true,"href":"https:\/\/radiowebmx.com\/nota\/wp-json\/wp\/v2\/categories?post=31178"},{"taxonomy":"post_tag","embeddable":true,"href":"https:\/\/radiowebmx.com\/nota\/wp-json\/wp\/v2\/tags?post=31178"}],"curies":[{"name":"wp","href":"https:\/\/api.w.org\/{rel}","templated":true}]}}